{"id":91679,"date":"2026-06-01T13:28:25","date_gmt":"2026-06-01T18:28:25","guid":{"rendered":"https:\/\/l21.mx\/?p=91679"},"modified":"2026-06-03T13:29:42","modified_gmt":"2026-06-03T18:29:42","slug":"estefania-mercado-impulsa-el-desarrollo-y-la-inversion","status":"publish","type":"post","link":"https:\/\/l21.mx\/?p=91679","title":{"rendered":"Estefan\u00eda Mercado impulsa el desarrollo y la inversi\u00f3n"},"content":{"rendered":"<p>&nbsp;<\/p>\n<p><em>\u00a0<\/em><\/p>\n<p><em>Una de las prioridades es agilizar tr\u00e1mites, garantizar procesos transparentes y ofrecer respuestas oportunas que fortalezcan la confianza y la certeza <\/em><\/p>\n<p>&nbsp;<\/p>\n<p>Playa del Carmen.- La presidenta municipal, Estefan\u00eda Mercado, sostuvo una reuni\u00f3n de trabajo con desarrolladores, reafirmando el compromiso de su administraci\u00f3n de mantener un gobierno cercano, transparente y facilitador del crecimiento econ\u00f3mico de Playa del Carmen.<\/p>\n<p>Destac\u00f3 la importancia de trabajar de la mano con el sector empresarial para consolidar un modelo de desarrollo ordenado, sostenible y con bienestar para todas y todos los playenses.<\/p>\n<p>\u201cReconocemos a quienes todos los d\u00edas siguen invirtiendo y confiando en Playa del Carmen. Su esfuerzo y compromiso son fundamentales para construir el presente y el futuro de nuestro municipio\u201d, expres\u00f3.<\/p>\n<p>Subray\u00f3 que su gobierno mantiene una pol\u00edtica de puertas abiertas, donde el di\u00e1logo permanente y la atenci\u00f3n directa son pilares fundamentales para atender las necesidades del sector productivo y de la ciudadan\u00eda.<\/p>\n<p>&nbsp;<\/p>\n<p>&nbsp;<\/p>\n<p>&nbsp;<\/p>\n","protected":false},"excerpt":{"rendered":"<p>&nbsp; \u00a0 Una de las prioridades es agilizar tr\u00e1mites, garantizar procesos transparentes y ofrecer respuestas oportunas&hellip;<\/p>\n","protected":false},"author":100,"featured_media":91543,"comment_status":"closed","ping_status":"closed","sticky":false,"template":"","format":"standard","meta":{"_acf_changed":false,"_lmt_disableupdate":"","_lmt_disable":"","_mbp_gutenberg_autopost":false,"footnotes":""},"categories":[1654],"tags":[1804,241],"class_list":["post-91679","post","type-post","status-publish","format-standard","has-post-thumbnail","hentry","category-solidaridad","tag-estefania-mercado","tag-playa-del-carmen"],"acf":[],"_links":{"self":[{"href":"https:\/\/l21.mx\/index.php?rest_route=\/wp\/v2\/posts\/91679","targetHints":{"allow":["GET"]}}],"collection":[{"href":"https:\/\/l21.mx\/index.php?rest_route=\/wp\/v2\/posts"}],"about":[{"href":"https:\/\/l21.mx\/index.php?rest_route=\/wp\/v2\/types\/post"}],"author":[{"embeddable":true,"href":"https:\/\/l21.mx\/index.php?rest_route=\/wp\/v2\/users\/100"}],"replies":[{"embeddable":true,"href":"https:\/\/l21.mx\/index.php?rest_route=%2Fwp%2Fv2%2Fcomments&post=91679"}],"version-history":[{"count":0,"href":"https:\/\/l21.mx\/index.php?rest_route=\/wp\/v2\/posts\/91679\/revisions"}],"wp:featuredmedia":[{"embeddable":true,"href":"https:\/\/l21.mx\/index.php?rest_route=\/wp\/v2\/media\/91543"}],"wp:attachment":[{"href":"https:\/\/l21.mx\/index.php?rest_route=%2Fwp%2Fv2%2Fmedia&parent=91679"}],"wp:term":[{"taxonomy":"category","embeddable":true,"href":"https:\/\/l21.mx\/index.php?rest_route=%2Fwp%2Fv2%2Fcategories&post=91679"},{"taxonomy":"post_tag","embeddable":true,"href":"https:\/\/l21.mx\/index.php?rest_route=%2Fwp%2Fv2%2Ftags&post=91679"}],"curies":[{"name":"wp","href":"https:\/\/api.w.org\/{rel}","templated":true}]}}