{"id":91683,"date":"2026-06-01T13:29:59","date_gmt":"2026-06-01T18:29:59","guid":{"rendered":"https:\/\/l21.mx\/?p=91683"},"modified":"2026-06-03T13:30:46","modified_gmt":"2026-06-03T18:30:46","slug":"guillermo-brahms-nuevo-tesorero-de-playa-del-carmen","status":"publish","type":"post","link":"https:\/\/l21.mx\/?p=91683","title":{"rendered":"Guillermo Brahms, nuevo tesorero de Playa del Carmen"},"content":{"rendered":"<p>&nbsp;<\/p>\n<p>Por unanimidad, el Cabildo de Playa del Carmen aprob\u00f3 el nombramiento de Guillermo Andr\u00e9s Brahms Gonz\u00e1lez como nuevo titular de la Tesorer\u00eda Municipal para el periodo constitucional 2024-2027, a propuesta de la presidenta Estefan\u00eda Mercado, quien destac\u00f3 la importancia de fortalecer el manejo financiero y administrativo del gobierno municipal con perfiles de experiencia, honestidad y capacidad.<\/p>\n<p>El acuerdo establece adem\u00e1s que Guillermo Andr\u00e9s Brahms Gonz\u00e1lez deber\u00e1 presentar, en un plazo de 30 d\u00edas h\u00e1biles, una cauci\u00f3n por 350 mil pesos mediante fianza de garant\u00eda, conforme a lo dispuesto por la Ley de los Municipios del Estado de Quintana Roo.<\/p>\n<p>Regidores de distintas fracciones expresaron su respaldo al nombramiento y reconocieron la trayectoria pol\u00edtica y administrativa del nuevo funcionario.<\/p>\n<p>Brahms Gonz\u00e1lez agradeci\u00f3 la confianza de la presidenta municipal Estefan\u00eda Mercado y de las y los integrantes del Cabildo, y asegur\u00f3 que trabajar\u00e1 con responsabilidad, transparencia y disciplina financiera para fortalecer las finanzas p\u00fablicas del municipio y contribuir al desarrollo de Playa del Carmen.<\/p>\n<p>&nbsp;<\/p>\n<p>&nbsp;<\/p>\n","protected":false},"excerpt":{"rendered":"<p>&nbsp; Por unanimidad, el Cabildo de Playa del Carmen aprob\u00f3 el nombramiento de Guillermo Andr\u00e9s Brahms&hellip;<\/p>\n","protected":false},"author":100,"featured_media":91542,"comment_status":"closed","ping_status":"closed","sticky":false,"template":"","format":"standard","meta":{"_acf_changed":false,"_lmt_disableupdate":"","_lmt_disable":"","_mbp_gutenberg_autopost":false,"footnotes":""},"categories":[1654],"tags":[2010],"class_list":["post-91683","post","type-post","status-publish","format-standard","has-post-thumbnail","hentry","category-solidaridad","tag-guplaya-del-carmen"],"acf":[],"_links":{"self":[{"href":"https:\/\/l21.mx\/index.php?rest_route=\/wp\/v2\/posts\/91683","targetHints":{"allow":["GET"]}}],"collection":[{"href":"https:\/\/l21.mx\/index.php?rest_route=\/wp\/v2\/posts"}],"about":[{"href":"https:\/\/l21.mx\/index.php?rest_route=\/wp\/v2\/types\/post"}],"author":[{"embeddable":true,"href":"https:\/\/l21.mx\/index.php?rest_route=\/wp\/v2\/users\/100"}],"replies":[{"embeddable":true,"href":"https:\/\/l21.mx\/index.php?rest_route=%2Fwp%2Fv2%2Fcomments&post=91683"}],"version-history":[{"count":0,"href":"https:\/\/l21.mx\/index.php?rest_route=\/wp\/v2\/posts\/91683\/revisions"}],"wp:featuredmedia":[{"embeddable":true,"href":"https:\/\/l21.mx\/index.php?rest_route=\/wp\/v2\/media\/91542"}],"wp:attachment":[{"href":"https:\/\/l21.mx\/index.php?rest_route=%2Fwp%2Fv2%2Fmedia&parent=91683"}],"wp:term":[{"taxonomy":"category","embeddable":true,"href":"https:\/\/l21.mx\/index.php?rest_route=%2Fwp%2Fv2%2Fcategories&post=91683"},{"taxonomy":"post_tag","embeddable":true,"href":"https:\/\/l21.mx\/index.php?rest_route=%2Fwp%2Fv2%2Ftags&post=91683"}],"curies":[{"name":"wp","href":"https:\/\/api.w.org\/{rel}","templated":true}]}}