{"id":91687,"date":"2026-06-01T13:31:13","date_gmt":"2026-06-01T18:31:13","guid":{"rendered":"https:\/\/l21.mx\/?p=91687"},"modified":"2026-06-03T13:33:46","modified_gmt":"2026-06-03T18:33:46","slug":"turismo-que-protege-vida","status":"publish","type":"post","link":"https:\/\/l21.mx\/?p=91687","title":{"rendered":"Turismo que protege vida"},"content":{"rendered":"<p>&nbsp;<\/p>\n<p>&nbsp;<\/p>\n<p><em>Sk\u00e5l M\u00e9xico y la Fundaci\u00f3n Pedro y Elena Hern\u00e1ndez impulsan una alianza para fortalecer la conservaci\u00f3n del flamenco del Caribe y promover un turismo m\u00e1s responsable y regenerativo<\/em><\/p>\n<p>&nbsp;<\/p>\n<p>El turismo tiene una capacidad poco explorada: convertirse en un aliado activo de la conservaci\u00f3n ambiental. M\u00e1s all\u00e1 de atraer visitantes, la industria puede generar conocimiento, fortalecer ecosistemas y sumar a empresas y comunidades en causas que protejan el patrimonio natural. Bajo esa visi\u00f3n, Sk\u00e5l M\u00e9xico y la Fundaci\u00f3n Pedro y Elena Hern\u00e1ndez A.C. formalizaron una alianza nacional para impulsar la protecci\u00f3n del flamenco del Caribe (<em>Phoenicopterus ruber<\/em>), una de las especies m\u00e1s emblem\u00e1ticas de la Pen\u00ednsula de Yucat\u00e1n.<\/p>\n<p>El convenio integr\u00f3 a cap\u00edtulos estrat\u00e9gicos como Sk\u00e5l M\u00e9rida y Sk\u00e5l Isla Mujeres &amp; Puerto Morelos, territorios clave para el monitoreo y conservaci\u00f3n de esta ave en el norte de la regi\u00f3n.<\/p>\n<p>El acuerdo busca articular esfuerzos entre asociaciones tur\u00edsticas, empresas, especialistas y organismos de sostenibilidad para convertir al sector en un participante activo dentro de la conservaci\u00f3n ambiental. La apuesta no solo contempla difusi\u00f3n, sino participaci\u00f3n directa mediante monitoreo ciudadano, educaci\u00f3n ambiental y generaci\u00f3n de experiencias tur\u00edsticas responsables.<\/p>\n<p><strong>\u00a0<\/strong><\/p>\n<h3><strong>Alianza con impacto compartido<\/strong><\/h3>\n<p>Entre los principales objetivos del convenio destaca la incorporaci\u00f3n de los agremiados de Sk\u00e5l M\u00e9xico como observadores de flamencos, aportando registros y m\u00e9tricas que fortalezcan el conocimiento cient\u00edfico sobre la especie y contribuyan a la protecci\u00f3n de su h\u00e1bitat.<\/p>\n<p>Adem\u00e1s, la estrategia contempla involucrar a hoteles, tour operadores, transportistas y empresas DMC en acciones de turismo colaborativo bajo principios de sostenibilidad y regeneraci\u00f3n, promoviendo experiencias que acerquen al visitante al valor ecol\u00f3gico de los ecosistemas sin comprometer su equilibrio.<\/p>\n<p>La alianza tambi\u00e9n abrir\u00e1 espacios de capacitaci\u00f3n y conversatorios especializados para fortalecer las capacidades del sector tur\u00edstico en operaci\u00f3n responsable dentro de \u00e1reas naturales sensibles.<\/p>\n<p>M\u00e1s all\u00e1 de preservar una especie, la iniciativa plantea una visi\u00f3n m\u00e1s amplia: demostrar que el turismo puede convertirse en una fuerza de conservaci\u00f3n cuando empresas, asociaciones civiles y comunidades trabajan bajo objetivos compartidos. En un destino como Quintana Roo, donde la riqueza natural es tambi\u00e9n uno de los principales activos econ\u00f3micos, modelos de colaboraci\u00f3n como este comienzan a perfilar una ruta hacia un turismo m\u00e1s consciente y sostenible.<\/p>\n<p>&nbsp;<\/p>\n<p><strong><u>::::::::::::::::::::::::<\/u><\/strong><\/p>\n<p>\u201cConfiamos en que esta alianza fortalecer\u00e1 no solo la difusi\u00f3n, sino tambi\u00e9n la participaci\u00f3n activa del sector en el monitoreo, educaci\u00f3n y cuidado del h\u00e1bitat del flamenco del Caribe\u201d.<\/p>\n<p>Arturo Garrido<\/p>\n<p>Director general de la Fundacion Pedro y Elena Hernandez<\/p>\n<p>&nbsp;<\/p>\n","protected":false},"excerpt":{"rendered":"<p>&nbsp; &nbsp; Sk\u00e5l M\u00e9xico y la Fundaci\u00f3n Pedro y Elena Hern\u00e1ndez impulsan una alianza para fortalecer&hellip;<\/p>\n","protected":false},"author":100,"featured_media":91688,"comment_status":"closed","ping_status":"closed","sticky":false,"template":"","format":"standard","meta":{"_acf_changed":false,"_lmt_disableupdate":"","_lmt_disable":"","_mbp_gutenberg_autopost":false,"footnotes":""},"categories":[35],"tags":[2012,2011],"class_list":["post-91687","post","type-post","status-publish","format-standard","has-post-thumbnail","hentry","category-responsabilidad-social","tag-flamencos","tag-skal"],"acf":[],"_links":{"self":[{"href":"https:\/\/l21.mx\/index.php?rest_route=\/wp\/v2\/posts\/91687","targetHints":{"allow":["GET"]}}],"collection":[{"href":"https:\/\/l21.mx\/index.php?rest_route=\/wp\/v2\/posts"}],"about":[{"href":"https:\/\/l21.mx\/index.php?rest_route=\/wp\/v2\/types\/post"}],"author":[{"embeddable":true,"href":"https:\/\/l21.mx\/index.php?rest_route=\/wp\/v2\/users\/100"}],"replies":[{"embeddable":true,"href":"https:\/\/l21.mx\/index.php?rest_route=%2Fwp%2Fv2%2Fcomments&post=91687"}],"version-history":[{"count":0,"href":"https:\/\/l21.mx\/index.php?rest_route=\/wp\/v2\/posts\/91687\/revisions"}],"wp:featuredmedia":[{"embeddable":true,"href":"https:\/\/l21.mx\/index.php?rest_route=\/wp\/v2\/media\/91688"}],"wp:attachment":[{"href":"https:\/\/l21.mx\/index.php?rest_route=%2Fwp%2Fv2%2Fmedia&parent=91687"}],"wp:term":[{"taxonomy":"category","embeddable":true,"href":"https:\/\/l21.mx\/index.php?rest_route=%2Fwp%2Fv2%2Fcategories&post=91687"},{"taxonomy":"post_tag","embeddable":true,"href":"https:\/\/l21.mx\/index.php?rest_route=%2Fwp%2Fv2%2Ftags&post=91687"}],"curies":[{"name":"wp","href":"https:\/\/api.w.org\/{rel}","templated":true}]}}