{"id":91696,"date":"2026-06-01T13:38:26","date_gmt":"2026-06-01T18:38:26","guid":{"rendered":"https:\/\/l21.mx\/?p=91696"},"modified":"2026-06-03T13:39:27","modified_gmt":"2026-06-03T18:39:27","slug":"mexico-por-la-grande","status":"publish","type":"post","link":"https:\/\/l21.mx\/?p=91696","title":{"rendered":"M\u00e9xico por la grande"},"content":{"rendered":"<p>Por Luis Villica\u00f1a Mu\u00f1iz<\/p>\n<p>Periodista Deportivo<\/p>\n<p>FB Luis Villica\u00f1a<\/p>\n<p>&nbsp;<\/p>\n<p>&nbsp;<\/p>\n<p>&nbsp;<\/p>\n<p>Y s\u00ed, 40 a\u00f1os despu\u00e9s de la 2a. y \u00faltima edici\u00f3n de una Copa Mundial de F\u00fatbol de la FIFA, M\u00e9xico volver\u00e1 a vivir en el ya m\u00edtico e ic\u00f3nico Estadio Azteca, ahora llamado Estadio de la Ciudad de M\u00e9xico, la inauguraci\u00f3n de este torneo por tercera vez en la historia de este deporte.<\/p>\n<p>Un estadio que en estos d\u00edas acaba de celebrar 60 a\u00f1os de haberse construido espec\u00edficamente para el deporte m\u00e1s publicitado y promovido, seg\u00fan los entendidos en el mundo: el f\u00fatbol.<\/p>\n<p>Para efectos del nombre, el tambi\u00e9n conocido como el Coloso de Santa \u00darsula (por la zona al sur de la capital de nuestro pa\u00eds), ha tenido, a saber, varios nombres. El m\u00e1s popular y reconocido es Estadio Azteca, nombre que surgi\u00f3 tras una promoci\u00f3n en la que los due\u00f1os, reconocidos como \u00abF\u00fatbol del Distrito Federal\u00bb, lanzaron entre la afici\u00f3n y cuyo premio consisti\u00f3 en obtener la \u00abPlatea o asiento\u00bb por 99 a\u00f1os, algo similar a lo que en 1966 se ofreci\u00f3 a los adquirientes de los flamantes palcos de tan majestuoso escenario deportivo.<\/p>\n<p>Pero muchas veces los intereses econ\u00f3micos o de mercadotecnia obligan a modificar lo que hubiera parecido \u201cintocable\u201d y as\u00ed, durante un tiempo, ya tras haber sido sede de la inauguraci\u00f3n y final de la Copa del Mundo o Mundial, como tambi\u00e9n se le identifica al torneo, tanto en 1970, cuando Brasil, encabezado por el mism\u00edsimo Edson Arantes do Nascimento \u201cPel\u00e9\u201d, para muchos el mejor futbolista de todos los tiempos, y hace 40 a\u00f1os, en 1986, cuando la figura era el argentino Diego Armando Maradona, a la postre quien levant\u00f3 la Copa de campe\u00f3n, en los a\u00f1os 90 se intent\u00f3 cambiarle el nombre, como supuesto homenaje al personaje que logr\u00f3 traer la Copa a nuestro pa\u00eds por segunda vez, el recordado Guillermo Ca\u00f1edo de la B\u00e1rcena.<\/p>\n<p>Aquel logro fue superar a los Estados Unidos de Am\u00e9rica, nuestro pa\u00eds vecino del norte, que tras la \u201crenuncia\u201d de Colombia para organizar el compromiso, oblig\u00f3 a la FIFA a buscar sustitutos, y as\u00ed M\u00e9xico gan\u00f3 la elecci\u00f3n para ser por segunda vez el pa\u00eds organizador, puesto que por la cantidad de pa\u00edses participantes, y a diferencia de los Juegos Ol\u00edmpicos, que se otorgan a una ciudad, para la Copa Mundial se requer\u00edan varios escenarios, estadios y ciudades que recibieran los partidos.<\/p>\n<p>Pero los tiempos y los intereses han cambiado. Los patrocinadores esperaron a intervenir desde el 2002, cuando se otorg\u00f3 la organizaci\u00f3n a Corea del Sur y Jap\u00f3n, geogr\u00e1ficamente vecinos y no tan distantes, habiendo sido aquella \u201csoluci\u00f3n\u201d como un ensayo que este a\u00f1o nos lleva a compartir con Estados Unidos y Canad\u00e1 la organizaci\u00f3n de la Copa 2026.<\/p>\n<p>El torneo que inici\u00f3 en 1930 en Uruguay creci\u00f3 exponencialmente y gan\u00f3 prestigio y recursos que beneficiaban a los pa\u00edses organizadores y, en especial, a la Federaci\u00f3n Internacional de F\u00fatbol Asociaci\u00f3n (FIFA), organismo que cuenta con m\u00e1s afiliados que la misma ONU.<\/p>\n<p>As\u00ed, despu\u00e9s de Italia 1990, los Estados Unidos en el 94 y Francia 98, ya en este siglo sigui\u00f3 el desfile de pa\u00edses que buscan participar y\/o al menos ser organizadores, lo que garantiza estar en la competencia mundialista. Por lo antes se\u00f1alado y los intereses tan fuertes que rodean al certamen, la FIFA determin\u00f3 que Canad\u00e1 maneje dos sedes en su territorio, Vancouver y Toronto, dando a Estados Unidos 11 ciudades, a pesar de no tener ni la tradici\u00f3n ni la afici\u00f3n para llenar las tribunas; aun as\u00ed, tendremos juegos en Atlanta, Boston, Dallas, Houston, Kansas City, Los \u00c1ngeles, Miami, Nueva York, Filadelfia, Nueva Jersey y San Francisco. Lo que deja a M\u00e9xico con solo tres sedes y la inauguraci\u00f3n prevista para el jueves 11 de junio en el ahora Estadio Ciudad de M\u00e9xico, y las otras dos ciudades que cumplieron las exigencias del llamado \u00abCuaderno de cargos\u00bb son Guadalajara y Monterrey, mismas que tambi\u00e9n han tenido que cambiar el nombre de sus inmuebles, como lo ordena la FIFA.<\/p>\n<p>En lo deportivo no se ha logrado atraer la atenci\u00f3n ni de la ciudadan\u00eda ni de los aficionados. Las obras que se han realizado para dar la mejor imagen al mundo, a escasos d\u00edas, no est\u00e1n terminadas y adem\u00e1s los precios de los boletos, servicios y hasta de las botanas tradicionales han sufrido aumentos descomunales, al haber sido considerados a precio d\u00f3lar, lo que para la mayor\u00eda resulta prohibitivo. Como ejemplo, el costo del estacionamiento supera los 1,250 pesos \u00a1y se le sugiere llegar preferentemente en transporte p\u00fablico!<\/p>\n<p>A todo esto, se tiene poca confianza en la llamada Selecci\u00f3n Nacional, que igualmente parece estar integrada sirviendo a intereses comerciales o de mercadotecnia y no a lo netamente deportivo, que una vez m\u00e1s nos llevar\u00eda a no tener los resultados esperados y anhelados, lo que terminar\u00eda con otro fracaso a este nivel de Copa del Mundo, o como siempre se ha dicho a manera de consuelo: \u201cJugaron como nunca, pero perdieron como siempre\u201d. Lo que honestamente, y como aficionado a los deportes, no se lo deseamos ni al DT Javier \u201cVasco\u201d Aguirre ni a los jugadores que \u00e9l decida incluir&#8230; culminando diciendo que: El deporte es vida en movimiento.<\/p>\n<p>&nbsp;<\/p>\n","protected":false},"excerpt":{"rendered":"<p>Por Luis Villica\u00f1a Mu\u00f1iz Periodista Deportivo FB Luis Villica\u00f1a &nbsp; &nbsp; &nbsp; Y s\u00ed, 40 a\u00f1os&hellip;<\/p>\n","protected":false},"author":100,"featured_media":91594,"comment_status":"closed","ping_status":"closed","sticky":false,"template":"","format":"standard","meta":{"_acf_changed":false,"_lmt_disableupdate":"","_lmt_disable":"","_mbp_gutenberg_autopost":false,"footnotes":""},"categories":[44],"tags":[2015],"class_list":["post-91696","post","type-post","status-publish","format-standard","has-post-thumbnail","hentry","category-cuarto-de-huespedes","tag-mexico-por-la-grande"],"acf":[],"_links":{"self":[{"href":"https:\/\/l21.mx\/index.php?rest_route=\/wp\/v2\/posts\/91696","targetHints":{"allow":["GET"]}}],"collection":[{"href":"https:\/\/l21.mx\/index.php?rest_route=\/wp\/v2\/posts"}],"about":[{"href":"https:\/\/l21.mx\/index.php?rest_route=\/wp\/v2\/types\/post"}],"author":[{"embeddable":true,"href":"https:\/\/l21.mx\/index.php?rest_route=\/wp\/v2\/users\/100"}],"replies":[{"embeddable":true,"href":"https:\/\/l21.mx\/index.php?rest_route=%2Fwp%2Fv2%2Fcomments&post=91696"}],"version-history":[{"count":0,"href":"https:\/\/l21.mx\/index.php?rest_route=\/wp\/v2\/posts\/91696\/revisions"}],"wp:featuredmedia":[{"embeddable":true,"href":"https:\/\/l21.mx\/index.php?rest_route=\/wp\/v2\/media\/91594"}],"wp:attachment":[{"href":"https:\/\/l21.mx\/index.php?rest_route=%2Fwp%2Fv2%2Fmedia&parent=91696"}],"wp:term":[{"taxonomy":"category","embeddable":true,"href":"https:\/\/l21.mx\/index.php?rest_route=%2Fwp%2Fv2%2Fcategories&post=91696"},{"taxonomy":"post_tag","embeddable":true,"href":"https:\/\/l21.mx\/index.php?rest_route=%2Fwp%2Fv2%2Ftags&post=91696"}],"curies":[{"name":"wp","href":"https:\/\/api.w.org\/{rel}","templated":true}]}}