{"id":91700,"date":"2026-06-01T13:39:51","date_gmt":"2026-06-01T18:39:51","guid":{"rendered":"https:\/\/l21.mx\/?p=91700"},"modified":"2026-06-03T13:41:31","modified_gmt":"2026-06-03T18:41:31","slug":"taxistas-mejor-preparados","status":"publish","type":"post","link":"https:\/\/l21.mx\/?p=91700","title":{"rendered":"Taxistas mejor preparados"},"content":{"rendered":"<p>&nbsp;<\/p>\n<p><em>El Sindicato de Taxistas de Canc\u00fan \u201cAndr\u00e9s Quintana Roo\u201d impulsa la capacitaci\u00f3n para fortalecer la calidad del servicio en Canc\u00fan<\/em><\/p>\n<p>&nbsp;<\/p>\n<p>&nbsp;<\/p>\n<p>Como parte de las acciones orientadas al fortalecimiento del servicio de transporte p\u00fablico, el Sindicato de Taxistas de Canc\u00fan \u201cAndr\u00e9s Quintana Roo\u201d llev\u00f3 a cabo el Curso de Capacitaci\u00f3n en Manejo y Atenci\u00f3n al Usuario, dirigido a operadores de TTE y socios operadores taxistas.<\/p>\n<p>Durante la jornada se destac\u00f3 la importancia de la preparaci\u00f3n constante para ofrecer una atenci\u00f3n m\u00e1s eficiente, segura y con sentido humano, priorizando siempre la experiencia de quienes utilizan el servicio diariamente.<\/p>\n<p>Adem\u00e1s, se realiz\u00f3 la entrega de diplomas a nuevos socios operadores, en representaci\u00f3n del secretario general del sindicato, Rub\u00e9n Carrillo. El acto fue encabezado por el secretario del Interior, Michel D\u00edaz, junto con la secretaria de Educaci\u00f3n y Previsi\u00f3n Social, Nora Karina Avenda\u00f1o, reafirmando el compromiso del gremio con la profesionalizaci\u00f3n de sus operadores y la mejora continua del servicio.<\/p>\n<p>&nbsp;<\/p>\n","protected":false},"excerpt":{"rendered":"<p>&nbsp; El Sindicato de Taxistas de Canc\u00fan \u201cAndr\u00e9s Quintana Roo\u201d impulsa la capacitaci\u00f3n para fortalecer la&hellip;<\/p>\n","protected":false},"author":100,"featured_media":91701,"comment_status":"closed","ping_status":"closed","sticky":false,"template":"","format":"standard","meta":{"_acf_changed":false,"_lmt_disableupdate":"","_lmt_disable":"","_mbp_gutenberg_autopost":false,"footnotes":""},"categories":[1655],"tags":[48,543],"class_list":["post-91700","post","type-post","status-publish","format-standard","has-post-thumbnail","hentry","category-cancun","tag-cancun","tag-taxistas"],"acf":[],"_links":{"self":[{"href":"https:\/\/l21.mx\/index.php?rest_route=\/wp\/v2\/posts\/91700","targetHints":{"allow":["GET"]}}],"collection":[{"href":"https:\/\/l21.mx\/index.php?rest_route=\/wp\/v2\/posts"}],"about":[{"href":"https:\/\/l21.mx\/index.php?rest_route=\/wp\/v2\/types\/post"}],"author":[{"embeddable":true,"href":"https:\/\/l21.mx\/index.php?rest_route=\/wp\/v2\/users\/100"}],"replies":[{"embeddable":true,"href":"https:\/\/l21.mx\/index.php?rest_route=%2Fwp%2Fv2%2Fcomments&post=91700"}],"version-history":[{"count":0,"href":"https:\/\/l21.mx\/index.php?rest_route=\/wp\/v2\/posts\/91700\/revisions"}],"wp:featuredmedia":[{"embeddable":true,"href":"https:\/\/l21.mx\/index.php?rest_route=\/wp\/v2\/media\/91701"}],"wp:attachment":[{"href":"https:\/\/l21.mx\/index.php?rest_route=%2Fwp%2Fv2%2Fmedia&parent=91700"}],"wp:term":[{"taxonomy":"category","embeddable":true,"href":"https:\/\/l21.mx\/index.php?rest_route=%2Fwp%2Fv2%2Fcategories&post=91700"},{"taxonomy":"post_tag","embeddable":true,"href":"https:\/\/l21.mx\/index.php?rest_route=%2Fwp%2Fv2%2Ftags&post=91700"}],"curies":[{"name":"wp","href":"https:\/\/api.w.org\/{rel}","templated":true}]}}