{"id":91705,"date":"2026-06-01T13:41:47","date_gmt":"2026-06-01T18:41:47","guid":{"rendered":"https:\/\/l21.mx\/?p=91705"},"modified":"2026-06-03T13:43:14","modified_gmt":"2026-06-03T18:43:14","slug":"orgullo-y-vocacion-al-volante","status":"publish","type":"post","link":"https:\/\/l21.mx\/?p=91705","title":{"rendered":"Orgullo y vocaci\u00f3n al volante"},"content":{"rendered":"<p>&nbsp;<\/p>\n<p>&nbsp;<\/p>\n<p>&nbsp;<\/p>\n<p><em>En el \u201cD\u00eda del Taxista\u201d, reconocen a quienes fortalecen diariamente la movilidad en Canc\u00fan<\/em><\/p>\n<p>&nbsp;<\/p>\n<p><a href=\"https:\/\/l21.mx\/wp-content\/uploads\/2026\/06\/dia-del-taxista.jpeg\" data-rel=\"penci-gallery-image-content\" ><img fetchpriority=\"high\" decoding=\"async\" class=\"alignnone size-medium wp-image-91707\" src=\"https:\/\/l21.mx\/wp-content\/uploads\/2026\/06\/dia-del-taxista-300x238.jpeg\" alt=\"\" width=\"300\" height=\"238\" srcset=\"https:\/\/l21.mx\/wp-content\/uploads\/2026\/06\/dia-del-taxista-300x238.jpeg 300w, https:\/\/l21.mx\/wp-content\/uploads\/2026\/06\/dia-del-taxista-1024x811.jpeg 1024w, https:\/\/l21.mx\/wp-content\/uploads\/2026\/06\/dia-del-taxista-768x608.jpeg 768w, https:\/\/l21.mx\/wp-content\/uploads\/2026\/06\/dia-del-taxista-1170x927.jpeg 1170w, https:\/\/l21.mx\/wp-content\/uploads\/2026\/06\/dia-del-taxista-585x463.jpeg 585w, https:\/\/l21.mx\/wp-content\/uploads\/2026\/06\/dia-del-taxista.jpeg 1280w\" sizes=\"(max-width: 300px) 100vw, 300px\" \/><\/a><\/p>\n<p>Con orgullo y reconocimiento a la labor de quienes todos los d\u00edas recorren las calles con compromiso y vocaci\u00f3n de servicio, el Sindicato de Taxistas de Canc\u00fan \u201cAndr\u00e9s Quintana Roo\u201d conmemor\u00f3 el D\u00eda del Taxista en Quintana Roo, una fecha dedicada a destacar el esfuerzo de hombres y mujeres que forman parte esencial de la movilidad.<\/p>\n<p>El secretario general del sindicato, Rub\u00e9n Carrillo, destac\u00f3 que ser taxista va mucho m\u00e1s all\u00e1 de conducir una unidad: representa una actividad que sostiene a miles de familias y cumple un papel fundamental en el funcionamiento cotidiano de la ciudad.<\/p>\n<p>El l\u00edder sindical tambi\u00e9n resalt\u00f3 el sentido humano del gremio, recordando que en situaciones complejas, como huracanes y contingencias, las y los taxistas han demostrado solidaridad y valent\u00eda al auxiliar a la poblaci\u00f3n, trasladar personas y apoyar a familias cuando m\u00e1s se necesita.<\/p>\n<p>&nbsp;<\/p>\n","protected":false},"excerpt":{"rendered":"<p>&nbsp; &nbsp; &nbsp; En el \u201cD\u00eda del Taxista\u201d, reconocen a quienes fortalecen diariamente la movilidad en&hellip;<\/p>\n","protected":false},"author":100,"featured_media":91706,"comment_status":"closed","ping_status":"closed","sticky":false,"template":"","format":"standard","meta":{"_acf_changed":false,"_lmt_disableupdate":"","_lmt_disable":"","_mbp_gutenberg_autopost":false,"footnotes":""},"categories":[23],"tags":[48,543],"class_list":["post-91705","post","type-post","status-publish","format-standard","has-post-thumbnail","hentry","category-noticias","tag-cancun","tag-taxistas"],"acf":[],"_links":{"self":[{"href":"https:\/\/l21.mx\/index.php?rest_route=\/wp\/v2\/posts\/91705","targetHints":{"allow":["GET"]}}],"collection":[{"href":"https:\/\/l21.mx\/index.php?rest_route=\/wp\/v2\/posts"}],"about":[{"href":"https:\/\/l21.mx\/index.php?rest_route=\/wp\/v2\/types\/post"}],"author":[{"embeddable":true,"href":"https:\/\/l21.mx\/index.php?rest_route=\/wp\/v2\/users\/100"}],"replies":[{"embeddable":true,"href":"https:\/\/l21.mx\/index.php?rest_route=%2Fwp%2Fv2%2Fcomments&post=91705"}],"version-history":[{"count":0,"href":"https:\/\/l21.mx\/index.php?rest_route=\/wp\/v2\/posts\/91705\/revisions"}],"wp:featuredmedia":[{"embeddable":true,"href":"https:\/\/l21.mx\/index.php?rest_route=\/wp\/v2\/media\/91706"}],"wp:attachment":[{"href":"https:\/\/l21.mx\/index.php?rest_route=%2Fwp%2Fv2%2Fmedia&parent=91705"}],"wp:term":[{"taxonomy":"category","embeddable":true,"href":"https:\/\/l21.mx\/index.php?rest_route=%2Fwp%2Fv2%2Fcategories&post=91705"},{"taxonomy":"post_tag","embeddable":true,"href":"https:\/\/l21.mx\/index.php?rest_route=%2Fwp%2Fv2%2Ftags&post=91705"}],"curies":[{"name":"wp","href":"https:\/\/api.w.org\/{rel}","templated":true}]}}