{"id":91716,"date":"2026-06-01T13:45:06","date_gmt":"2026-06-01T18:45:06","guid":{"rendered":"https:\/\/l21.mx\/?p=91716"},"modified":"2026-06-03T13:45:51","modified_gmt":"2026-06-03T18:45:51","slug":"unen-esfuerzos-para-conservacion-de-manglares-en-cancun","status":"publish","type":"post","link":"https:\/\/l21.mx\/?p=91716","title":{"rendered":"Unen esfuerzos para conservaci\u00f3n de manglares en Canc\u00fan"},"content":{"rendered":"<p>&nbsp;<\/p>\n<p>&nbsp;<\/p>\n<p>Canc\u00fan, Q. Roo.- La presidenta municipal, Ana Paty Peralta, acompa\u00f1\u00f3 a personal de la Secretar\u00eda de Infraestructura, Comunicaciones y Transportes; de la Comisi\u00f3n Nacional de \u00c1reas Naturales Protegidas y de la Direcci\u00f3n General de Ecolog\u00eda de Benito Ju\u00e1rez, a un recorrido por el pol\u00edgono 1 del APFF Manglares de Nichupt\u00e9 para constatar los trabajos en las labores de restauraci\u00f3n y conservaci\u00f3n de este importante ecosistema para Canc\u00fan, como parte de los trabajos del Comit\u00e9 de Vigilancia Ambiental Externa.<\/p>\n<p>\u201cToda la parte de construcci\u00f3n para la conservaci\u00f3n y restauraci\u00f3n del manglar ya est\u00e1 concluida, se le da mantenimiento, se limpian los canales y se revisa que toda la construcci\u00f3n de esta infraestructura de conservaci\u00f3n est\u00e9 perfectamente adecuada. En la Subzona Sur son 42.54 hect\u00e1reas rehabilitadas en 6.92 kil\u00f3metros de canales, mil 249 centros de dispersi\u00f3n y 9 mil 205 pl\u00e1ntulas de manglar, todo esto se est\u00e1 rehabilitando\u201d, inform\u00f3 la alcaldesa.<\/p>\n<p>Explic\u00f3 que continuar\u00e1n con la coordinaci\u00f3n para garantizar el cumplimiento \u00a0de las medidas de mitigaci\u00f3n y compensaci\u00f3n ambiental; as\u00ed como mantener el monitoreo y las acciones de restauraci\u00f3n ecol\u00f3gica en manglares, pastos marinos y fauna silvestre.<\/p>\n<p>Este programa forma parte de uno de los 10 proyectos desarrollados como medida de mitigaci\u00f3n ambiental implementada por la construcci\u00f3n del nuevo Puente Vehicular Nichupt\u00e9.<\/p>\n","protected":false},"excerpt":{"rendered":"<p>&nbsp; &nbsp; Canc\u00fan, Q. Roo.- La presidenta municipal, Ana Paty Peralta, acompa\u00f1\u00f3 a personal de la&hellip;<\/p>\n","protected":false},"author":100,"featured_media":91592,"comment_status":"closed","ping_status":"closed","sticky":false,"template":"","format":"standard","meta":{"_acf_changed":false,"_lmt_disableupdate":"","_lmt_disable":"","_mbp_gutenberg_autopost":false,"footnotes":""},"categories":[1657,1655],"tags":[48,2017],"class_list":["post-91716","post","type-post","status-publish","format-standard","has-post-thumbnail","hentry","category-benito-juarez","category-cancun","tag-cancun","tag-manglares"],"acf":[],"_links":{"self":[{"href":"https:\/\/l21.mx\/index.php?rest_route=\/wp\/v2\/posts\/91716","targetHints":{"allow":["GET"]}}],"collection":[{"href":"https:\/\/l21.mx\/index.php?rest_route=\/wp\/v2\/posts"}],"about":[{"href":"https:\/\/l21.mx\/index.php?rest_route=\/wp\/v2\/types\/post"}],"author":[{"embeddable":true,"href":"https:\/\/l21.mx\/index.php?rest_route=\/wp\/v2\/users\/100"}],"replies":[{"embeddable":true,"href":"https:\/\/l21.mx\/index.php?rest_route=%2Fwp%2Fv2%2Fcomments&post=91716"}],"version-history":[{"count":0,"href":"https:\/\/l21.mx\/index.php?rest_route=\/wp\/v2\/posts\/91716\/revisions"}],"wp:featuredmedia":[{"embeddable":true,"href":"https:\/\/l21.mx\/index.php?rest_route=\/wp\/v2\/media\/91592"}],"wp:attachment":[{"href":"https:\/\/l21.mx\/index.php?rest_route=%2Fwp%2Fv2%2Fmedia&parent=91716"}],"wp:term":[{"taxonomy":"category","embeddable":true,"href":"https:\/\/l21.mx\/index.php?rest_route=%2Fwp%2Fv2%2Fcategories&post=91716"},{"taxonomy":"post_tag","embeddable":true,"href":"https:\/\/l21.mx\/index.php?rest_route=%2Fwp%2Fv2%2Ftags&post=91716"}],"curies":[{"name":"wp","href":"https:\/\/api.w.org\/{rel}","templated":true}]}}