{"id":91963,"date":"2026-06-30T15:50:52","date_gmt":"2026-06-30T20:50:52","guid":{"rendered":"https:\/\/l21.mx\/?p=91963"},"modified":"2026-07-02T15:52:42","modified_gmt":"2026-07-02T20:52:42","slug":"fortalecen-actualizacion-y-vinculacion-profesional","status":"publish","type":"post","link":"https:\/\/l21.mx\/?p=91963","title":{"rendered":"Fortalecen actualizaci\u00f3n y vinculaci\u00f3n profesional"},"content":{"rendered":"<p style=\"font-weight: 400;\">La titular de la Secretar\u00eda de Finanzas y Planeaci\u00f3n de Quintana Roo (Sefiplan) Martha Parroqu\u00edn P\u00e9rez, particip\u00f3 en la inauguraci\u00f3n de la XXXIX Convenci\u00f3n Regional Centro Istmo Peninsular 2026, realizada en Cozumel, encuentro que reuni\u00f3 a profesionales de la contadur\u00eda p\u00fablica, acad\u00e9micos, empresarios y representantes de diversos sectores para intercambiar conocimientos, experiencias y mejores pr\u00e1cticas.<\/p>\n<p style=\"font-weight: 400;\">Organizada por el Instituto Mexicano de Contadores P\u00fablicos (IMCP), la convenci\u00f3n congreg\u00f3 del 17 al 19 de junio a especialistas provenientes de Quintana Roo, Yucat\u00e1n, Campeche, Veracruz, Puebla, Tlaxcala, Chiapas y otras entidades del pa\u00eds, fortaleciendo la vinculaci\u00f3n entre los \u00e1mbitos profesional, empresarial, educativo y gubernamental.<\/p>\n<p style=\"font-weight: 400;\">Durante dos d\u00edas se desarrollaron conferencias magistrales, paneles y capacitaciones enfocadas en temas de fiscalidad, finanzas, auditor\u00eda, cumplimiento normativo e inteligencia artificial, esta \u00faltima considerada una herramienta estrat\u00e9gica para la evoluci\u00f3n y fortalecimiento de la profesi\u00f3n contable.<\/p>\n<p style=\"font-weight: 400;\">La ceremonia inaugural fue encabezada por la presidenta del IMCP, Ludivina Leija Rodr\u00edguez, junto con Martha Parroqu\u00edn P\u00e9rez y representantes de los colegios de contadores p\u00fablicos de Canc\u00fan, Cozumel, Riviera Maya y Chetumal, adem\u00e1s de autoridades municipales y estatales.<\/p>\n<div data-sliderid=\"13970\" id=\"penci-post-gallery__13970\" class=\"penci-post-gallery-container justified column-3\" data-height=\"150\" data-margin=\"3\"><a class=\"penci-gallery-ite item-gallery-justified\" href=\"https:\/\/l21.mx\/wp-content\/uploads\/2026\/07\/Sefiplan-julio-convencion-1.jpeg\" data-rel=\"penci-gallery-image-content\" ><img decoding=\"async\" src=\"https:\/\/l21.mx\/wp-content\/uploads\/2026\/07\/Sefiplan-julio-convencion-1-585x240.jpeg\" alt=\"\" title=\"Sefiplan julio convencion-1\"><\/a><a class=\"penci-gallery-ite item-gallery-justified\" href=\"https:\/\/l21.mx\/wp-content\/uploads\/2026\/07\/Sefiplan-julio-convencion-2.jpeg\" data-rel=\"penci-gallery-image-content\" ><img decoding=\"async\" src=\"https:\/\/l21.mx\/wp-content\/uploads\/2026\/07\/Sefiplan-julio-convencion-2-585x349.jpeg\" alt=\"\" title=\"Sefiplan julio convencion-2\"><\/a><a class=\"penci-gallery-ite item-gallery-justified\" href=\"https:\/\/l21.mx\/wp-content\/uploads\/2026\/07\/Sefiplan-julio-convencion-3.jpeg\" data-rel=\"penci-gallery-image-content\" ><img decoding=\"async\" src=\"https:\/\/l21.mx\/wp-content\/uploads\/2026\/07\/Sefiplan-julio-convencion-3-585x390.jpeg\" alt=\"\" title=\"Sefiplan julio convencion-3\"><\/a><a class=\"penci-gallery-ite item-gallery-justified\" href=\"https:\/\/l21.mx\/wp-content\/uploads\/2026\/07\/Sefiplan-julio-convencion-4.jpeg\" data-rel=\"penci-gallery-image-content\" ><img decoding=\"async\" src=\"https:\/\/l21.mx\/wp-content\/uploads\/2026\/07\/Sefiplan-julio-convencion-4-585x390.jpeg\" alt=\"\" title=\"Sefiplan julio convencion-4\"><\/a><a class=\"penci-gallery-ite item-gallery-justified\" href=\"https:\/\/l21.mx\/wp-content\/uploads\/2026\/07\/Sefiplan-julio-convencion-5.jpeg\" data-rel=\"penci-gallery-image-content\" ><img decoding=\"async\" src=\"https:\/\/l21.mx\/wp-content\/uploads\/2026\/07\/Sefiplan-julio-convencion-5-585x390.jpeg\" alt=\"\" title=\"Sefiplan julio convencion-5\"><\/a><a class=\"penci-gallery-ite item-gallery-justified\" href=\"https:\/\/l21.mx\/wp-content\/uploads\/2026\/07\/Sefiplan-julio-convencion-6.jpeg\" data-rel=\"penci-gallery-image-content\" ><img decoding=\"async\" src=\"https:\/\/l21.mx\/wp-content\/uploads\/2026\/07\/Sefiplan-julio-convencion-6-585x390.jpeg\" alt=\"\" title=\"Sefiplan julio convencion-6\"><\/a><\/div>\n<p style=\"font-weight: 400;\">\n<p style=\"font-weight: 400;\">\n<p style=\"font-weight: 400;\">\n","protected":false},"excerpt":{"rendered":"<p>La titular de la Secretar\u00eda de Finanzas y Planeaci\u00f3n de Quintana Roo (Sefiplan) Martha Parroqu\u00edn P\u00e9rez,&hellip;<\/p>\n","protected":false},"author":95,"featured_media":91964,"comment_status":"closed","ping_status":"closed","sticky":false,"template":"","format":"standard","meta":{"_acf_changed":false,"_lmt_disableupdate":"","_lmt_disable":"","_mbp_gutenberg_autopost":false,"footnotes":""},"categories":[23],"tags":[],"class_list":["post-91963","post","type-post","status-publish","format-standard","has-post-thumbnail","hentry","category-noticias"],"acf":[],"_links":{"self":[{"href":"https:\/\/l21.mx\/index.php?rest_route=\/wp\/v2\/posts\/91963","targetHints":{"allow":["GET"]}}],"collection":[{"href":"https:\/\/l21.mx\/index.php?rest_route=\/wp\/v2\/posts"}],"about":[{"href":"https:\/\/l21.mx\/index.php?rest_route=\/wp\/v2\/types\/post"}],"author":[{"embeddable":true,"href":"https:\/\/l21.mx\/index.php?rest_route=\/wp\/v2\/users\/95"}],"replies":[{"embeddable":true,"href":"https:\/\/l21.mx\/index.php?rest_route=%2Fwp%2Fv2%2Fcomments&post=91963"}],"version-history":[{"count":0,"href":"https:\/\/l21.mx\/index.php?rest_route=\/wp\/v2\/posts\/91963\/revisions"}],"wp:featuredmedia":[{"embeddable":true,"href":"https:\/\/l21.mx\/index.php?rest_route=\/wp\/v2\/media\/91964"}],"wp:attachment":[{"href":"https:\/\/l21.mx\/index.php?rest_route=%2Fwp%2Fv2%2Fmedia&parent=91963"}],"wp:term":[{"taxonomy":"category","embeddable":true,"href":"https:\/\/l21.mx\/index.php?rest_route=%2Fwp%2Fv2%2Fcategories&post=91963"},{"taxonomy":"post_tag","embeddable":true,"href":"https:\/\/l21.mx\/index.php?rest_route=%2Fwp%2Fv2%2Ftags&post=91963"}],"curies":[{"name":"wp","href":"https:\/\/api.w.org\/{rel}","templated":true}]}}