{"id":91973,"date":"2026-06-30T15:53:03","date_gmt":"2026-06-30T20:53:03","guid":{"rendered":"https:\/\/l21.mx\/?p=91973"},"modified":"2026-07-02T15:55:55","modified_gmt":"2026-07-02T20:55:55","slug":"finanzas-cerca-del-pueblo","status":"publish","type":"post","link":"https:\/\/l21.mx\/?p=91973","title":{"rendered":"Finanzas cerca del pueblo"},"content":{"rendered":"<div><\/div>\n<div>\n<p class=\"isselectedend\">La Secretar\u00eda de Finanzas y Planeaci\u00f3n (SEFIPLAN) y su titular, Martha Parroqu\u00edn P\u00e9rez, participaron en la Audiencia P\u00fablica La Voz del Pueblo, encabezada por la gobernadora Mara Lezama Espinosa el pasado 16 de junio en Puerto Morelos.<\/p>\n<\/div>\n<div>\n<p class=\"isselectedend\">Durante esta jornada de atenci\u00f3n ciudadana, el equipo de SEFIPLAN brind\u00f3 orientaci\u00f3n y seguimiento directo a las solicitudes de las y los quintanarroenses, reafirmando el compromiso de la dependencia con una gesti\u00f3n cercana, transparente y al servicio de la gente.<\/p>\n<\/div>\n<div>\n<p class=\"isselectedend\">A trav\u00e9s de estos espacios de di\u00e1logo, el Gobierno del Estado fortalece la atenci\u00f3n ciudadana y acerca los servicios p\u00fablicos a quienes m\u00e1s los necesitan, impulsando soluciones oportunas que contribuyen al bienestar de las familias quintanarroenses.<\/p>\n<\/div>\n<div>\n<p class=\"isselectedend\">Parroqu\u00edn P\u00e9rez destac\u00f3 la importancia de estos espacios de di\u00e1logo, que permiten acercar los servicios gubernamentales a la poblaci\u00f3n y conocer de primera mano las demandas de la ciudadan\u00eda para dar seguimiento a soluciones concretas.<\/p>\n<\/div>\n<div>\n<p class=\"isselectedend\">Este tipo de ejercicios refrenda el compromiso de impulsar una gesti\u00f3n eficiente, transparente y con sentido humano, enfocada en generar acciones que contribuyan al bienestar de las y los quintanarroenses.<\/p>\n<div data-sliderid=\"10342\" id=\"penci-post-gallery__10342\" class=\"penci-post-gallery-container justified column-3\" data-height=\"150\" data-margin=\"3\"><a class=\"penci-gallery-ite item-gallery-justified\" href=\"https:\/\/l21.mx\/wp-content\/uploads\/2026\/07\/Sefiplan-audiencia-julio-1.jpeg\" data-rel=\"penci-gallery-image-content\" ><img decoding=\"async\" src=\"https:\/\/l21.mx\/wp-content\/uploads\/2026\/07\/Sefiplan-audiencia-julio-1-585x1040.jpeg\" alt=\"\" title=\"Sefiplan audiencia julio -1\"><\/a><a class=\"penci-gallery-ite item-gallery-justified\" href=\"https:\/\/l21.mx\/wp-content\/uploads\/2026\/07\/Sefiplan-audiencia-julio-3.jpeg\" data-rel=\"penci-gallery-image-content\" ><img decoding=\"async\" src=\"https:\/\/l21.mx\/wp-content\/uploads\/2026\/07\/Sefiplan-audiencia-julio-3-585x390.jpeg\" alt=\"\" title=\"Sefiplan audiencia julio -3\"><\/a><a class=\"penci-gallery-ite item-gallery-justified\" href=\"https:\/\/l21.mx\/wp-content\/uploads\/2026\/07\/Sefiplan-audiencia-julio-5.jpeg\" data-rel=\"penci-gallery-image-content\" ><img decoding=\"async\" src=\"https:\/\/l21.mx\/wp-content\/uploads\/2026\/07\/Sefiplan-audiencia-julio-5-585x390.jpeg\" alt=\"\" title=\"Sefiplan audiencia julio -5\"><\/a><a class=\"penci-gallery-ite item-gallery-justified\" href=\"https:\/\/l21.mx\/wp-content\/uploads\/2026\/07\/Sefiplan-audiencia-julio-7.jpeg\" data-rel=\"penci-gallery-image-content\" ><img decoding=\"async\" src=\"https:\/\/l21.mx\/wp-content\/uploads\/2026\/07\/Sefiplan-audiencia-julio-7-585x390.jpeg\" alt=\"\" title=\"Sefiplan audiencia julio -7\"><\/a><a class=\"penci-gallery-ite item-gallery-justified\" href=\"https:\/\/l21.mx\/wp-content\/uploads\/2026\/07\/Sefiplan-audiencia-julio-9.jpeg\" data-rel=\"penci-gallery-image-content\" ><img decoding=\"async\" src=\"https:\/\/l21.mx\/wp-content\/uploads\/2026\/07\/Sefiplan-audiencia-julio-9-585x390.jpeg\" alt=\"\" title=\"Sefiplan audiencia julio -9\"><\/a><a class=\"penci-gallery-ite item-gallery-justified\" href=\"https:\/\/l21.mx\/wp-content\/uploads\/2026\/07\/Sefiplan-audiencia-julio-11.jpeg\" data-rel=\"penci-gallery-image-content\" ><img decoding=\"async\" src=\"https:\/\/l21.mx\/wp-content\/uploads\/2026\/07\/Sefiplan-audiencia-julio-11-585x390.jpeg\" alt=\"\" title=\"Sefiplan audiencia julio -11\"><\/a><\/div>\n<\/div>\n<div>\n<p class=\"isselectedend\">\n<\/div>\n<div>\n<p class=\"isselectedend\">\n<\/div>\n","protected":false},"excerpt":{"rendered":"<p>La Secretar\u00eda de Finanzas y Planeaci\u00f3n (SEFIPLAN) y su titular, Martha Parroqu\u00edn P\u00e9rez, participaron en la&hellip;<\/p>\n","protected":false},"author":95,"featured_media":91985,"comment_status":"closed","ping_status":"closed","sticky":false,"template":"","format":"standard","meta":{"_acf_changed":false,"_lmt_disableupdate":"","_lmt_disable":"","_mbp_gutenberg_autopost":false,"footnotes":""},"categories":[23],"tags":[],"class_list":["post-91973","post","type-post","status-publish","format-standard","has-post-thumbnail","hentry","category-noticias"],"acf":[],"_links":{"self":[{"href":"https:\/\/l21.mx\/index.php?rest_route=\/wp\/v2\/posts\/91973","targetHints":{"allow":["GET"]}}],"collection":[{"href":"https:\/\/l21.mx\/index.php?rest_route=\/wp\/v2\/posts"}],"about":[{"href":"https:\/\/l21.mx\/index.php?rest_route=\/wp\/v2\/types\/post"}],"author":[{"embeddable":true,"href":"https:\/\/l21.mx\/index.php?rest_route=\/wp\/v2\/users\/95"}],"replies":[{"embeddable":true,"href":"https:\/\/l21.mx\/index.php?rest_route=%2Fwp%2Fv2%2Fcomments&post=91973"}],"version-history":[{"count":0,"href":"https:\/\/l21.mx\/index.php?rest_route=\/wp\/v2\/posts\/91973\/revisions"}],"wp:featuredmedia":[{"embeddable":true,"href":"https:\/\/l21.mx\/index.php?rest_route=\/wp\/v2\/media\/91985"}],"wp:attachment":[{"href":"https:\/\/l21.mx\/index.php?rest_route=%2Fwp%2Fv2%2Fmedia&parent=91973"}],"wp:term":[{"taxonomy":"category","embeddable":true,"href":"https:\/\/l21.mx\/index.php?rest_route=%2Fwp%2Fv2%2Fcategories&post=91973"},{"taxonomy":"post_tag","embeddable":true,"href":"https:\/\/l21.mx\/index.php?rest_route=%2Fwp%2Fv2%2Ftags&post=91973"}],"curies":[{"name":"wp","href":"https:\/\/api.w.org\/{rel}","templated":true}]}}