{"id":9262,"date":"2015-04-17T13:59:26","date_gmt":"2015-04-17T18:59:26","guid":{"rendered":"http:\/\/innovatori.space\/lat21\/?p=9262"},"modified":"2015-04-17T13:59:26","modified_gmt":"2015-04-17T18:59:26","slug":"impulsa-ruiz-massieu-agenda-de-cooperacion-turistica-con-francia","status":"publish","type":"post","link":"https:\/\/l21.mx\/?p=9262","title":{"rendered":"IMPULSA RUIZ MASSIEU AGENDA DE COOPERACI\u00d3N TUR\u00cdSTICA CON FRANCIA"},"content":{"rendered":"<ul>\n<li><strong>La Secretaria de Turismo se reuni\u00f3 con la Secretaria de Industria, Comercio, Artesan\u00eda, Consumo y Econom\u00eda Social y Solidaria de Francia, Carole Delga.<\/strong><\/li>\n<li><strong>Platicaron sobre proyectos clave desarrollados por Francia para fortalecer la competitividad de su sector con el fin de evaluar las \u00e1reas de cooperaci\u00f3n bilateral\u00a0<\/strong><\/li>\n<\/ul>\n<p><strong>\u00a0<\/strong><\/p>\n<p>La Secretaria de Turismo del Gobierno de la Rep\u00fablica, Claudia Ruiz Massieu, sostuvo una reuni\u00f3n de trabajo con la Secretaria de Industria, Comercio, Artesan\u00eda, Consumo y Econom\u00eda Social y Solidaria de Francia, Carole Delga, con quien abord\u00f3 temas referentes al fortalecimiento de la cooperaci\u00f3n bilateral para impulsar la competitividad tur\u00edstica.<\/p>\n<p>Durante el encuentro, ambas Secretarias reconocieron la importancia estrat\u00e9gica que ambos pa\u00edses representan en materia de turismo, debido al sostenido crecimiento en la llegada de turistas y la alta calidad en el desarrollo de sus productos, con lo que se han posicionado como destinos de clase mundial y se han consolidado como l\u00edderes de sus respectivas regiones.<\/p>\n<p>Los puntos abordados en la reuni\u00f3n de trabajo, apuntaron hacia el fortalecimiento del sector tur\u00edstico como herramienta para aumentar el desarrollo econ\u00f3mico y la cohesi\u00f3n social. En este sentido, la Secretaria de Estado Delga transmiti\u00f3 su apoyo para compartir las buenas pr\u00e1cticas francesas en materia de turismo social, gastronom\u00eda y certificaci\u00f3n.<\/p>\n<p>Por su parte la Secretaria de Turismo, destac\u00f3 la importancia de que los programas y certificaciones no s\u00f3lo impulsen el crecimiento econ\u00f3mico, sino que tambi\u00e9n fomenten la preservaci\u00f3n de los valores y activos intangibles de las comunidades.<\/p>\n<p>Finalmente, comentaron algunas de las estrategias para impulsar la relaci\u00f3n tur\u00edstica bilateral, a trav\u00e9s de la cooperaci\u00f3n y promoci\u00f3n con proyectos estrat\u00e9gicos de alto impacto que incluyan a los diferentes actores de la industria.<\/p>\n","protected":false},"excerpt":{"rendered":"<p>La Secretaria de Turismo se reuni\u00f3 con la Secretaria de Industria, Comercio, Artesan\u00eda, Consumo y Econom\u00eda&hellip;<\/p>\n","protected":false},"author":2,"featured_media":0,"comment_status":"open","ping_status":"open","sticky":false,"template":"","format":"standard","meta":{"_acf_changed":false,"_lmt_disableupdate":"","_lmt_disable":"","_mbp_gutenberg_autopost":false,"footnotes":""},"categories":[23,8],"tags":[],"class_list":["post-9262","post","type-post","status-publish","format-standard","hentry","category-noticias","category-turismo"],"acf":[],"_links":{"self":[{"href":"https:\/\/l21.mx\/index.php?rest_route=\/wp\/v2\/posts\/9262","targetHints":{"allow":["GET"]}}],"collection":[{"href":"https:\/\/l21.mx\/index.php?rest_route=\/wp\/v2\/posts"}],"about":[{"href":"https:\/\/l21.mx\/index.php?rest_route=\/wp\/v2\/types\/post"}],"author":[{"embeddable":true,"href":"https:\/\/l21.mx\/index.php?rest_route=\/wp\/v2\/users\/2"}],"replies":[{"embeddable":true,"href":"https:\/\/l21.mx\/index.php?rest_route=%2Fwp%2Fv2%2Fcomments&post=9262"}],"version-history":[{"count":0,"href":"https:\/\/l21.mx\/index.php?rest_route=\/wp\/v2\/posts\/9262\/revisions"}],"wp:attachment":[{"href":"https:\/\/l21.mx\/index.php?rest_route=%2Fwp%2Fv2%2Fmedia&parent=9262"}],"wp:term":[{"taxonomy":"category","embeddable":true,"href":"https:\/\/l21.mx\/index.php?rest_route=%2Fwp%2Fv2%2Fcategories&post=9262"},{"taxonomy":"post_tag","embeddable":true,"href":"https:\/\/l21.mx\/index.php?rest_route=%2Fwp%2Fv2%2Ftags&post=9262"}],"curies":[{"name":"wp","href":"https:\/\/api.w.org\/{rel}","templated":true}]}}