{"id":92652,"date":"2026-09-01T18:04:16","date_gmt":"2026-09-01T23:04:16","guid":{"rendered":"https:\/\/l21.mx\/?p=92652"},"modified":"2026-09-01T18:04:16","modified_gmt":"2026-09-01T23:04:16","slug":"fortalecen-la-transparencia-y-la-rendicion-de-cuentas","status":"publish","type":"post","link":"https:\/\/l21.mx\/?p=92652","title":{"rendered":"Fortalecen la transparencia y la rendici\u00f3n de cuentas"},"content":{"rendered":"<div data-sliderid=\"52973\" id=\"penci-post-gallery__52973\" class=\"penci-post-gallery-container justified column-3\" data-height=\"150\" data-margin=\"3\"><a class=\"penci-gallery-ite item-gallery-justified\" href=\"https:\/\/l21.mx\/wp-content\/uploads\/2026\/09\/WhatsApp-Image-2026-07-28-at-17-1.38.20-2.jpeg\" data-rel=\"penci-gallery-image-content\" ><img decoding=\"async\" src=\"https:\/\/l21.mx\/wp-content\/uploads\/2026\/09\/WhatsApp-Image-2026-07-28-at-17-1.38.20-2-585x390.jpeg\" alt=\"\" title=\"WhatsApp-Image-2026-07-28-at-17-1.38.20 2\"><\/a><a class=\"penci-gallery-ite item-gallery-justified\" href=\"https:\/\/l21.mx\/wp-content\/uploads\/2026\/09\/WhatsApp-Image-2026-07-28-at-17.38.21-3-2.jpeg\" data-rel=\"penci-gallery-image-content\" ><img decoding=\"async\" src=\"https:\/\/l21.mx\/wp-content\/uploads\/2026\/09\/WhatsApp-Image-2026-07-28-at-17.38.21-3-2-585x473.jpeg\" alt=\"\" title=\"WhatsApp-Image-2026-07-28-at-17.38.21-3 2\"><\/a><a class=\"penci-gallery-ite item-gallery-justified\" href=\"https:\/\/l21.mx\/wp-content\/uploads\/2026\/09\/WhatsApp-Image-2026-07-28-at-17.38.22-2.jpeg\" data-rel=\"penci-gallery-image-content\" ><img decoding=\"async\" src=\"https:\/\/l21.mx\/wp-content\/uploads\/2026\/09\/WhatsApp-Image-2026-07-28-at-17.38.22-2-585x453.jpeg\" alt=\"\" title=\"WhatsApp-Image-2026-07-28-at-17.38.22 2\"><\/a><a class=\"penci-gallery-ite item-gallery-justified\" href=\"https:\/\/l21.mx\/wp-content\/uploads\/2026\/09\/WhatsApp-Image-2026-07-28-at-17.38.22-1-2.jpeg\" data-rel=\"penci-gallery-image-content\" ><img decoding=\"async\" src=\"https:\/\/l21.mx\/wp-content\/uploads\/2026\/09\/WhatsApp-Image-2026-07-28-at-17.38.22-1-2-585x209.jpeg\" alt=\"\" title=\"WhatsApp-Image-2026-07-28-at-17.38.22-1 2\"><\/a><a class=\"penci-gallery-ite item-gallery-justified\" href=\"https:\/\/l21.mx\/wp-content\/uploads\/2026\/09\/WhatsApp-Image-2026-07-28-at-17.38.22-3-2.jpeg\" data-rel=\"penci-gallery-image-content\" ><img decoding=\"async\" src=\"https:\/\/l21.mx\/wp-content\/uploads\/2026\/09\/WhatsApp-Image-2026-07-28-at-17.38.22-3-2-585x323.jpeg\" alt=\"\" title=\"WhatsApp-Image-2026-07-28-at-17.38.22-3 2\"><\/a><\/div>\n<p style=\"font-weight: 400;\">\n<p style=\"font-weight: 400;\">\n<p style=\"font-weight: 400;\">Chetumal.- El Gobierno Quintana Roo, a trav\u00e9s de la Secretar\u00eda de Finanzas y Planeaci\u00f3n (SEFIPLAN), realiz\u00f3 la entrega de reconocimientos a 65 organismos p\u00fablicos que obtuvieron un cumplimiento alto en las Evaluaciones de la Armonizaci\u00f3n Contable, correspondientes al Ejercicio Fiscal 2025, resultado que posicion\u00f3 a la entidad en el cuarto lugar nacional, con un 97.56 por ciento de cumplimiento, reflejo del compromiso institucional con la transparencia, la rendici\u00f3n de cuentas y el fortalecimiento de las finanzas p\u00fablicas.<\/p>\n<p style=\"font-weight: 400;\">La ceremonia fue presidida por Martha Parroqu\u00edn P\u00e9rez, secretaria de Finanzas y Planeaci\u00f3n, acompa\u00f1ada de Reyna Valdivia Arceo Rosado, secretaria Anticorrupci\u00f3n y Buen Gobierno; Cuauht\u00e9moc Iraburu Z\u00e1rate, tesorero General del Estado; Miguel Zogby Cheluja Mart\u00ednez, Auditor Superior del Estado y Evelio Sosa Bat\u00fan, director de Contabilidad Gubernamental de la SEFIPLAN.<\/p>\n<p style=\"font-weight: 400;\">El tesorero General del Estado, Jos\u00e9 Cuauht\u00e9moc Iraburu Z\u00e1rate, destac\u00f3 que el resultado alcanzado por Quintana Roo es reflejo del trabajo coordinado entre los entes p\u00fablicos y del compromiso permanente con el fortalecimiento de la armonizaci\u00f3n contable. Se\u00f1al\u00f3 que este avance es producto de la capacitaci\u00f3n, el acompa\u00f1amiento t\u00e9cnico y la disposici\u00f3n de las instituciones para consolidar una administraci\u00f3n p\u00fablica m\u00e1s eficiente, transparente y orientada a resultados.<\/p>\n<p style=\"font-weight: 400;\">\n<p style=\"font-weight: 400;\">\n","protected":false},"excerpt":{"rendered":"<p>Chetumal.- El Gobierno Quintana Roo, a trav\u00e9s de la Secretar\u00eda de Finanzas y Planeaci\u00f3n (SEFIPLAN), realiz\u00f3&hellip;<\/p>\n","protected":false},"author":95,"featured_media":92656,"comment_status":"closed","ping_status":"closed","sticky":false,"template":"","format":"standard","meta":{"_acf_changed":false,"_lmt_disableupdate":"","_lmt_disable":"","_mbp_gutenberg_autopost":false,"footnotes":""},"categories":[1656],"tags":[],"class_list":["post-92652","post","type-post","status-publish","format-standard","has-post-thumbnail","hentry","category-quintana-roo"],"acf":[],"_links":{"self":[{"href":"https:\/\/l21.mx\/index.php?rest_route=\/wp\/v2\/posts\/92652","targetHints":{"allow":["GET"]}}],"collection":[{"href":"https:\/\/l21.mx\/index.php?rest_route=\/wp\/v2\/posts"}],"about":[{"href":"https:\/\/l21.mx\/index.php?rest_route=\/wp\/v2\/types\/post"}],"author":[{"embeddable":true,"href":"https:\/\/l21.mx\/index.php?rest_route=\/wp\/v2\/users\/95"}],"replies":[{"embeddable":true,"href":"https:\/\/l21.mx\/index.php?rest_route=%2Fwp%2Fv2%2Fcomments&post=92652"}],"version-history":[{"count":1,"href":"https:\/\/l21.mx\/index.php?rest_route=\/wp\/v2\/posts\/92652\/revisions"}],"predecessor-version":[{"id":92660,"href":"https:\/\/l21.mx\/index.php?rest_route=\/wp\/v2\/posts\/92652\/revisions\/92660"}],"wp:featuredmedia":[{"embeddable":true,"href":"https:\/\/l21.mx\/index.php?rest_route=\/wp\/v2\/media\/92656"}],"wp:attachment":[{"href":"https:\/\/l21.mx\/index.php?rest_route=%2Fwp%2Fv2%2Fmedia&parent=92652"}],"wp:term":[{"taxonomy":"category","embeddable":true,"href":"https:\/\/l21.mx\/index.php?rest_route=%2Fwp%2Fv2%2Fcategories&post=92652"},{"taxonomy":"post_tag","embeddable":true,"href":"https:\/\/l21.mx\/index.php?rest_route=%2Fwp%2Fv2%2Ftags&post=92652"}],"curies":[{"name":"wp","href":"https:\/\/api.w.org\/{rel}","templated":true}]}}