{"id":92661,"date":"2026-09-01T18:08:04","date_gmt":"2026-09-01T23:08:04","guid":{"rendered":"https:\/\/l21.mx\/?p=92661"},"modified":"2026-09-01T18:08:04","modified_gmt":"2026-09-01T23:08:04","slug":"moodys-eleva-la-calificacion-crediticia-de-q-roo","status":"publish","type":"post","link":"https:\/\/l21.mx\/?p=92661","title":{"rendered":"Moody\u2019s eleva la calificaci\u00f3n crediticia de Q. Roo"},"content":{"rendered":"<p style=\"font-weight: 400;\">\n<p style=\"font-weight: 400;\"><a href=\"https:\/\/l21.mx\/wp-content\/uploads\/2026\/09\/WhatsApp-Image-2026-08-03-at-20.59.05-1.jpeg\" data-rel=\"penci-gallery-image-content\" ><img fetchpriority=\"high\" decoding=\"async\" class=\"aligncenter size-full wp-image-92662\" src=\"https:\/\/l21.mx\/wp-content\/uploads\/2026\/09\/WhatsApp-Image-2026-08-03-at-20.59.05-1.jpeg\" alt=\"\" width=\"1600\" height=\"1067\" srcset=\"https:\/\/l21.mx\/wp-content\/uploads\/2026\/09\/WhatsApp-Image-2026-08-03-at-20.59.05-1.jpeg 1600w, https:\/\/l21.mx\/wp-content\/uploads\/2026\/09\/WhatsApp-Image-2026-08-03-at-20.59.05-1-300x200.jpeg 300w, https:\/\/l21.mx\/wp-content\/uploads\/2026\/09\/WhatsApp-Image-2026-08-03-at-20.59.05-1-1024x683.jpeg 1024w, https:\/\/l21.mx\/wp-content\/uploads\/2026\/09\/WhatsApp-Image-2026-08-03-at-20.59.05-1-768x512.jpeg 768w, https:\/\/l21.mx\/wp-content\/uploads\/2026\/09\/WhatsApp-Image-2026-08-03-at-20.59.05-1-1536x1024.jpeg 1536w, https:\/\/l21.mx\/wp-content\/uploads\/2026\/09\/WhatsApp-Image-2026-08-03-at-20.59.05-1-1170x780.jpeg 1170w, https:\/\/l21.mx\/wp-content\/uploads\/2026\/09\/WhatsApp-Image-2026-08-03-at-20.59.05-1-585x390.jpeg 585w, https:\/\/l21.mx\/wp-content\/uploads\/2026\/09\/WhatsApp-Image-2026-08-03-at-20.59.05-1-263x175.jpeg 263w\" sizes=\"(max-width: 1600px) 100vw, 1600px\" \/><\/a><\/p>\n<p style=\"font-weight: 400;\">\n<p style=\"font-weight: 400;\">Chetumal.- La agencia Moody\u2019s Local M\u00e9xico elev\u00f3 la calificaci\u00f3n crediticia de Quintana Roo de A+.mx a AA-.mx, adem\u00e1s de modificar su perspectiva de Positiva a Estable, como resultado de la mejora sostenida en el perfil financiero de la entidad durante los \u00faltimos tres ejercicios fiscales, inform\u00f3 la gobernadora Mara Lezama Espinosa.<\/p>\n<p style=\"font-weight: 400;\">Con esta nueva evaluaci\u00f3n, a\u00f1adi\u00f3 Mara Lezama, concluye el ciclo anual de revisiones de las principales agencias calificadoras, todas con mejoras para Quintana Roo.<\/p>\n<p style=\"font-weight: 400;\">Puntualiz\u00f3 que hoy, el estado cuenta con las calificaciones de Standard &amp; Poor\u2019s (mxAA), Fitch Ratings (A+(mex)), HR Ratings (HR AA-) y Moody\u2019s Local M\u00e9xico (AA-.mx), consolidando la confianza en la solidez de las finanzas p\u00fablicas y en la capacidad de Quintana Roo para impulsar un desarrollo econ\u00f3mico sostenible.<\/p>\n<p style=\"font-weight: 400;\">Precis\u00f3 que es resultado de la estrategia de ordenamiento y fortalecimiento de las finanzas p\u00fablicas impulsada por este gobierno diferente, humanista con coraz\u00f3n feminista, para generar bienestar y prosperidad compartida para las y los quintanarroenses.<\/p>\n<p><a href=\"https:\/\/l21.mx\/wp-content\/uploads\/2026\/09\/WhatsApp-Image-2026-08-03-at-20.59.05-2.jpeg\" data-rel=\"penci-gallery-image-content\" ><img decoding=\"async\" class=\"aligncenter size-full wp-image-92663\" src=\"https:\/\/l21.mx\/wp-content\/uploads\/2026\/09\/WhatsApp-Image-2026-08-03-at-20.59.05-2.jpeg\" alt=\"\" width=\"1464\" height=\"1600\" srcset=\"https:\/\/l21.mx\/wp-content\/uploads\/2026\/09\/WhatsApp-Image-2026-08-03-at-20.59.05-2.jpeg 1464w, https:\/\/l21.mx\/wp-content\/uploads\/2026\/09\/WhatsApp-Image-2026-08-03-at-20.59.05-2-275x300.jpeg 275w, https:\/\/l21.mx\/wp-content\/uploads\/2026\/09\/WhatsApp-Image-2026-08-03-at-20.59.05-2-937x1024.jpeg 937w, https:\/\/l21.mx\/wp-content\/uploads\/2026\/09\/WhatsApp-Image-2026-08-03-at-20.59.05-2-768x839.jpeg 768w, https:\/\/l21.mx\/wp-content\/uploads\/2026\/09\/WhatsApp-Image-2026-08-03-at-20.59.05-2-1405x1536.jpeg 1405w, https:\/\/l21.mx\/wp-content\/uploads\/2026\/09\/WhatsApp-Image-2026-08-03-at-20.59.05-2-1170x1279.jpeg 1170w, https:\/\/l21.mx\/wp-content\/uploads\/2026\/09\/WhatsApp-Image-2026-08-03-at-20.59.05-2-585x639.jpeg 585w\" sizes=\"(max-width: 1464px) 100vw, 1464px\" \/><\/a><\/p>\n<p style=\"font-weight: 400;\">\n<p style=\"font-weight: 400;\">\n","protected":false},"excerpt":{"rendered":"<p>Chetumal.- La agencia Moody\u2019s Local M\u00e9xico elev\u00f3 la calificaci\u00f3n crediticia de Quintana Roo de A+.mx a&hellip;<\/p>\n","protected":false},"author":95,"featured_media":92663,"comment_status":"closed","ping_status":"closed","sticky":false,"template":"","format":"standard","meta":{"_acf_changed":false,"_lmt_disableupdate":"","_lmt_disable":"","_mbp_gutenberg_autopost":false,"footnotes":""},"categories":[1656],"tags":[],"class_list":["post-92661","post","type-post","status-publish","format-standard","has-post-thumbnail","hentry","category-quintana-roo"],"acf":[],"_links":{"self":[{"href":"https:\/\/l21.mx\/index.php?rest_route=\/wp\/v2\/posts\/92661","targetHints":{"allow":["GET"]}}],"collection":[{"href":"https:\/\/l21.mx\/index.php?rest_route=\/wp\/v2\/posts"}],"about":[{"href":"https:\/\/l21.mx\/index.php?rest_route=\/wp\/v2\/types\/post"}],"author":[{"embeddable":true,"href":"https:\/\/l21.mx\/index.php?rest_route=\/wp\/v2\/users\/95"}],"replies":[{"embeddable":true,"href":"https:\/\/l21.mx\/index.php?rest_route=%2Fwp%2Fv2%2Fcomments&post=92661"}],"version-history":[{"count":1,"href":"https:\/\/l21.mx\/index.php?rest_route=\/wp\/v2\/posts\/92661\/revisions"}],"predecessor-version":[{"id":92666,"href":"https:\/\/l21.mx\/index.php?rest_route=\/wp\/v2\/posts\/92661\/revisions\/92666"}],"wp:featuredmedia":[{"embeddable":true,"href":"https:\/\/l21.mx\/index.php?rest_route=\/wp\/v2\/media\/92663"}],"wp:attachment":[{"href":"https:\/\/l21.mx\/index.php?rest_route=%2Fwp%2Fv2%2Fmedia&parent=92661"}],"wp:term":[{"taxonomy":"category","embeddable":true,"href":"https:\/\/l21.mx\/index.php?rest_route=%2Fwp%2Fv2%2Fcategories&post=92661"},{"taxonomy":"post_tag","embeddable":true,"href":"https:\/\/l21.mx\/index.php?rest_route=%2Fwp%2Fv2%2Ftags&post=92661"}],"curies":[{"name":"wp","href":"https:\/\/api.w.org\/{rel}","templated":true}]}}