{"id":9267,"date":"2015-04-23T19:06:59","date_gmt":"2015-04-24T00:06:59","guid":{"rendered":"http:\/\/innovatori.space\/lat21\/?p=9267"},"modified":"2015-04-23T19:07:13","modified_gmt":"2015-04-24T00:07:13","slug":"canada-incluye-a-mexico-en-programa-de-autorizacion-electronica-de-viaje","status":"publish","type":"post","link":"https:\/\/l21.mx\/?p=9267","title":{"rendered":"Canad\u00e1 incluye a M\u00e9xico en programa de Autorizaci\u00f3n Electr\u00f3nica de Viaje"},"content":{"rendered":"<h1><a href=\"http:\/\/l21.mx\/wp-content\/uploads\/2015\/04\/Captura-de-pantalla-2015-04-23-a-las-19.04.32.png\" data-rel=\"penci-gallery-image-content\" ><img fetchpriority=\"high\" decoding=\"async\" class=\"alignleft size-medium wp-image-9269\" title=\"Captura de pantalla 2015-04-23 a las 19.04.32\" src=\"http:\/\/l21.mx\/wp-content\/uploads\/2015\/04\/Captura-de-pantalla-2015-04-23-a-las-19.04.32-300x199.png\" alt=\"\" width=\"300\" height=\"199\" srcset=\"https:\/\/l21.mx\/wp-content\/uploads\/2015\/04\/Captura-de-pantalla-2015-04-23-a-las-19.04.32-300x199.png 300w, https:\/\/l21.mx\/wp-content\/uploads\/2015\/04\/Captura-de-pantalla-2015-04-23-a-las-19.04.32-585x388.png 585w, https:\/\/l21.mx\/wp-content\/uploads\/2015\/04\/Captura-de-pantalla-2015-04-23-a-las-19.04.32-263x175.png 263w, https:\/\/l21.mx\/wp-content\/uploads\/2015\/04\/Captura-de-pantalla-2015-04-23-a-las-19.04.32.png 613w\" sizes=\"(max-width: 300px) 100vw, 300px\" \/><\/a>Los mexicanos con visa canadiense durante los \u00faltimos 10 a\u00f1os o vigente de no inmigrante para EU quedar\u00e1n exentos de tramitar una nueva visa<\/h1>\n<p>&nbsp;<\/p>\n<p><strong>TORONTO, Canad\u00e1 (EFE) \u2014\u00a0<\/strong>El Gobierno canadiense incluy\u00f3 este martes en los presupuestos 2015-2016, la expansi\u00f3n del programa de Autorizaci\u00f3n Electr\u00f3nica de Viaje (ETA, por sus siglas en ingl\u00e9s) para incluir a los viajeros de M\u00e9xico.<\/p>\n<p>Por su parte el gobierno mexicano dio la bienvenida al anuncio que se prev\u00e9 comience a operar en el primer trimestre de 2016.<\/p>\n<p>La Secretar\u00eda de Relaciones Exteriores (SRE) indic\u00f3 en que de acuerdo con la nueva medida,\u00a0<a href=\"http:\/\/mexico.cnn.com\/nacional\/2014\/05\/12\/el-gobierno-de-canada-crea-un-programa-de-visas-expres-para-mexico\" target=\"_blank\" rel=\"noopener\">los mexicanos que hubieran tenido visa canadiense durante los \u00faltimos 10 a\u00f1os<\/a>\u00a0o cuenten con una visa vigente de no inmigrante para viajar a Estados Unidos, quedar\u00e1n exentos de tramitar una nueva visa para viajar a Canad\u00e1.<\/p>\n<p>La ETA supondr\u00e1 que\u00a0<a href=\"http:\/\/mexico.cnn.com\/nacional\/2014\/02\/18\/mexico-canada-acuerdos-economia-turismo-transporte-plan-financiero\" target=\"_blank\" rel=\"noopener\">los nacionales mexicanos elegibles<\/a>\u00a0deber\u00e1n solicitar autorizaci\u00f3n previa para viajar a Canad\u00e1 mediante los recursos electr\u00f3nicos en l\u00ednea que eventualmente establezca el gobierno canadiense.<\/p>\n<p>Este sistema se aplicar\u00e1 tambi\u00e9n a los nacionales de aquellos pa\u00edses que actualmente no requieren visa para viajar a Canad\u00e1.<\/p>\n<p>M\u00e9xico\u00a0<a href=\"http:\/\/www.adnpolitico.com\/gobierno\/2014\/02\/18\/pena-confia-en-hallar-formula-para-que-canada-elimine-visas\" target=\"_blank\" rel=\"noopener\">cuenta a su vez con un programa similar denominado Sistema de Autorizaci\u00f3n Electr\u00f3nica (SAE),<\/a>\u00a0que permite a nacionales de algunos pa\u00edses obtener una autorizaci\u00f3n de viaje por medios electr\u00f3nicos, apunt\u00f3 la SRE.<\/p>\n<p>\u00abLa instrumentaci\u00f3n de esta medida es un paso fundamental hacia la eliminaci\u00f3n del visado canadiense a nacionales mexicanos\u00bb, sostuvo la instituci\u00f3n.<\/p>\n<p>La SRE destac\u00f3 que este medida que es resultado \u00abdel di\u00e1logo diplom\u00e1tico, de la profundizaci\u00f3n de la relaci\u00f3n entre ambos pa\u00edses durante los \u00faltimos dos a\u00f1os y de los esfuerzos conjuntos de sus autoridades para avanzar en la construcci\u00f3n de confianza mutua\u00bb.<\/p>\n<p>Desde julio de 2009, el gobierno canadiense impuso el requisito de visa a los mexicanos, una medida que tens\u00f3 las relaciones entre ambos pa\u00edses y que el gobierno de Canad\u00e1 adopt\u00f3 ante el creciente n\u00famero de solicitudes que recib\u00eda.<\/p>\n<p>Para 2008, el n\u00famero de solicitudes representaba el 25.9% de todas las peticiones que recib\u00eda la Oficina de Inmigraci\u00f3n de Canad\u00e1, y se redujo a un 23% en 2009; para 2010, el porcentaje descendi\u00f3 a 5.3, en 2011 a 2.7 y para 2012 ya solo era del 1.6%, seg\u00fan las estad\u00edsticas canadienses.<\/p>\n<p>En julio de 2013, el canciller mexicano, Jos\u00e9 Antonio Meade, inform\u00f3 que desde que la medida fue impuesta, el n\u00famero de mexicanos que visitaron Canad\u00e1 pas\u00f3 de 200,000 a 134,000, durante 2012.<\/p>\n<p>Adem\u00e1s de M\u00e9xico, los ciudadanos de Brasil, Bulgaria y Ruman\u00eda podr\u00e1n gozar de esta nueva medida.<\/p>\n<p>El programa ETA obliga a las personas de las naciones incluidas que quieren viajar a Canad\u00e1 a obtener previamente una autorizaci\u00f3n electr\u00f3nica de viaje similar a la del Sistema Electr\u00f3nico de Autorizaci\u00f3n de Viaje de Estados Unidos.<\/p>\n<div><\/div>\n<p>&nbsp;<\/p>\n","protected":false},"excerpt":{"rendered":"<p>Los mexicanos con visa canadiense durante los \u00faltimos 10 a\u00f1os o vigente de no inmigrante para&hellip;<\/p>\n","protected":false},"author":2,"featured_media":9270,"comment_status":"open","ping_status":"open","sticky":false,"template":"","format":"standard","meta":{"_acf_changed":false,"_lmt_disableupdate":"","_lmt_disable":"","_mbp_gutenberg_autopost":false,"footnotes":""},"categories":[23,8],"tags":[],"class_list":["post-9267","post","type-post","status-publish","format-standard","has-post-thumbnail","hentry","category-noticias","category-turismo"],"acf":[],"_links":{"self":[{"href":"https:\/\/l21.mx\/index.php?rest_route=\/wp\/v2\/posts\/9267","targetHints":{"allow":["GET"]}}],"collection":[{"href":"https:\/\/l21.mx\/index.php?rest_route=\/wp\/v2\/posts"}],"about":[{"href":"https:\/\/l21.mx\/index.php?rest_route=\/wp\/v2\/types\/post"}],"author":[{"embeddable":true,"href":"https:\/\/l21.mx\/index.php?rest_route=\/wp\/v2\/users\/2"}],"replies":[{"embeddable":true,"href":"https:\/\/l21.mx\/index.php?rest_route=%2Fwp%2Fv2%2Fcomments&post=9267"}],"version-history":[{"count":0,"href":"https:\/\/l21.mx\/index.php?rest_route=\/wp\/v2\/posts\/9267\/revisions"}],"wp:featuredmedia":[{"embeddable":true,"href":"https:\/\/l21.mx\/index.php?rest_route=\/wp\/v2\/media\/9270"}],"wp:attachment":[{"href":"https:\/\/l21.mx\/index.php?rest_route=%2Fwp%2Fv2%2Fmedia&parent=9267"}],"wp:term":[{"taxonomy":"category","embeddable":true,"href":"https:\/\/l21.mx\/index.php?rest_route=%2Fwp%2Fv2%2Fcategories&post=9267"},{"taxonomy":"post_tag","embeddable":true,"href":"https:\/\/l21.mx\/index.php?rest_route=%2Fwp%2Fv2%2Ftags&post=9267"}],"curies":[{"name":"wp","href":"https:\/\/api.w.org\/{rel}","templated":true}]}}