{"id":92680,"date":"2026-09-01T18:28:12","date_gmt":"2026-09-01T23:28:12","guid":{"rendered":"https:\/\/l21.mx\/?p=92680"},"modified":"2026-09-01T18:28:12","modified_gmt":"2026-09-01T23:28:12","slug":"entre-el-orgullo-patrio-y-las-cuentas-pendientes","status":"publish","type":"post","link":"https:\/\/l21.mx\/?p=92680","title":{"rendered":"Entre el orgullo patrio y\u00a0las cuentas pendientes"},"content":{"rendered":"<p>&nbsp;<\/p>\n<p>Septiembre es, sin duda, uno de los meses m\u00e1s significativos para los mexicanos. Es el Mes de la Patria, pero tambi\u00e9n un periodo para hacer balances, revisar resultados y pensar en el futuro.<\/p>\n<p>El 1 de septiembre, la presidenta Claudia Sheinbaum presentar\u00e1 su Segundo Informe de Gobierno. En Quintana Roo, la gobernadora<b> Mara Lezama<\/b> har\u00e1 lo propio el 6 de septiembre en Chetumal, en un ejercicio que permitir\u00e1 valorar avances, pendientes y compromisos rumbo a la \u00faltima etapa de su administraci\u00f3n.<\/p>\n<p>En un estado como Quintana Roo, cualquier balance debe considerar al turismo, motor fundamental de nuestra econom\u00eda. Las cifras recientes de ocupaci\u00f3n hotelera muestran se\u00f1ales que deben atenderse con seriedad, dado a diferentes factores. No podemos confiar \u00fanicamente en el prestigio internacional de nuestros destinos y su legado; se necesita seguir fortaleciendo la promoci\u00f3n, seguridad, infraestructura y servicios para continuar como atractivo ante la competencia.<span class=\"Apple-converted-space\">\u00a0<\/span><\/p>\n<p>Otro indicador a observar es el d\u00f3lar interbancario, que cerr\u00f3 agosto alrededor de los 17 pesos. Para una entidad tan vinculada al turismo internacional, el comportamiento del tipo de cambio tiene efectos importantes en visitantes, empresas, trabajadores y consumidores. Ojo con lo que sucede tras fronteras, que hace que esta variable se mueva.<span class=\"Apple-converted-space\">\u00a0<\/span><\/p>\n<p>Y septiembre tambi\u00e9n es el Mes del Testamento, una campa\u00f1a que nos recuerda que la previsi\u00f3n es una forma de responsabilidad. En Quintana Roo, el programa se extiende tambi\u00e9n durante octubre, facilitando que m\u00e1s familias puedan dejar en orden su patrimonio y evitar conflictos futuros. Sobre este tema, en la edici\u00f3n nos platican los notarios <b>Sonia Ayuso y Jorge Rodr\u00edguez.<span class=\"Apple-converted-space\">\u00a0<\/span><\/b><\/p>\n<p>As\u00ed llega septiembre: entre banderas, informes, cifras econ\u00f3micas, turismo y decisiones que trascienden.<span class=\"Apple-converted-space\">\u00a0<\/span><\/p>\n<p>Porque celebrar a M\u00e9xico no debe limitarse al Grito de Independencia. Tambi\u00e9n significa cumplir, participar, exigir resultados y construir con responsabilidad el futuro que queremos para nuestras familias y para nuestro pa\u00eds.<\/p>\n<p>En portada llevamos a la mandataria estatal, <b>Mara Lezama<\/b>, quien se ha destacado por el nivel de gesti\u00f3n para traer acciones y hechos en beneficio de Quintana Roo.<span class=\"Apple-converted-space\">\u00a0<\/span><\/p>\n<p>Una entrevista interesante que habla de la importancia de la tecnolog\u00eda para competir nos la da <b>C\u00e9sar Capetillo<\/b>, director general de WaliApp, aborda el reto de fortalecer al comercio tradicional mediante pagos digitales, nuevos servicios e inclusi\u00f3n financiera.<\/p>\n<p>Y una buena noticia bilateral en Canc\u00fan: la C\u00e1mara Espa\u00f1ola de Comercio en M\u00e9xico formaliza un espacio de interlocuci\u00f3n que re\u00fane a empresarios, autoridades e inversionistas para atender los desaf\u00edos del Caribe Mexicano.<span class=\"Apple-converted-space\">\u00a0<\/span><\/p>\n<p>Ahora, a disfrutar del puente del Mes Patrio, que seguro generar\u00e1 derrama econ\u00f3mica en los centros tur\u00edsticos nacionales, y los de Quintana Roo no ser\u00e1n la excepci\u00f3n.<span class=\"Apple-converted-space\">\u00a0<\/span><\/p>\n","protected":false},"excerpt":{"rendered":"<p>&nbsp; Septiembre es, sin duda, uno de los meses m\u00e1s significativos para los mexicanos. Es el&hellip;<\/p>\n","protected":false},"author":95,"featured_media":46179,"comment_status":"closed","ping_status":"closed","sticky":false,"template":"","format":"standard","meta":{"_acf_changed":false,"_lmt_disableupdate":"","_lmt_disable":"","_mbp_gutenberg_autopost":false,"footnotes":""},"categories":[670],"tags":[],"class_list":["post-92680","post","type-post","status-publish","format-standard","has-post-thumbnail","hentry","category-amador-gutierrez"],"acf":[],"_links":{"self":[{"href":"https:\/\/l21.mx\/index.php?rest_route=\/wp\/v2\/posts\/92680","targetHints":{"allow":["GET"]}}],"collection":[{"href":"https:\/\/l21.mx\/index.php?rest_route=\/wp\/v2\/posts"}],"about":[{"href":"https:\/\/l21.mx\/index.php?rest_route=\/wp\/v2\/types\/post"}],"author":[{"embeddable":true,"href":"https:\/\/l21.mx\/index.php?rest_route=\/wp\/v2\/users\/95"}],"replies":[{"embeddable":true,"href":"https:\/\/l21.mx\/index.php?rest_route=%2Fwp%2Fv2%2Fcomments&post=92680"}],"version-history":[{"count":1,"href":"https:\/\/l21.mx\/index.php?rest_route=\/wp\/v2\/posts\/92680\/revisions"}],"predecessor-version":[{"id":92683,"href":"https:\/\/l21.mx\/index.php?rest_route=\/wp\/v2\/posts\/92680\/revisions\/92683"}],"wp:featuredmedia":[{"embeddable":true,"href":"https:\/\/l21.mx\/index.php?rest_route=\/wp\/v2\/media\/46179"}],"wp:attachment":[{"href":"https:\/\/l21.mx\/index.php?rest_route=%2Fwp%2Fv2%2Fmedia&parent=92680"}],"wp:term":[{"taxonomy":"category","embeddable":true,"href":"https:\/\/l21.mx\/index.php?rest_route=%2Fwp%2Fv2%2Fcategories&post=92680"},{"taxonomy":"post_tag","embeddable":true,"href":"https:\/\/l21.mx\/index.php?rest_route=%2Fwp%2Fv2%2Ftags&post=92680"}],"curies":[{"name":"wp","href":"https:\/\/api.w.org\/{rel}","templated":true}]}}