{"id":92684,"date":"2026-09-01T18:39:02","date_gmt":"2026-09-01T23:39:02","guid":{"rendered":"https:\/\/l21.mx\/?p=92684"},"modified":"2026-09-01T18:39:02","modified_gmt":"2026-09-01T23:39:02","slug":"mara-hizo-posible-el-bulevar-colosio","status":"publish","type":"post","link":"https:\/\/l21.mx\/?p=92684","title":{"rendered":"Mara hizo posible el Bulevar Colosio"},"content":{"rendered":"<p>&nbsp;<\/p>\n<p><strong>Durante a\u00f1os fue uno de los reclamos m\u00e1s insistentes de Canc\u00fan. Hoy es una realidad: el bulevar Luis Donaldo Colosio dej\u00f3 atr\u00e1s el deterioro y se convirti\u00f3 en una vialidad moderna, segura y digna de la ciudad que recibe a millones de visitantes cada a\u00f1o.<\/strong><\/p>\n<p><a href=\"https:\/\/l21.mx\/wp-content\/uploads\/2026\/09\/Mara-Lezama-Blvd-Colosio-20265.jpg\" data-rel=\"penci-gallery-image-content\" ><img fetchpriority=\"high\" decoding=\"async\" class=\"aligncenter size-full wp-image-92686\" src=\"https:\/\/l21.mx\/wp-content\/uploads\/2026\/09\/Mara-Lezama-Blvd-Colosio-20265.jpg\" alt=\"\" width=\"1500\" height=\"1000\" srcset=\"https:\/\/l21.mx\/wp-content\/uploads\/2026\/09\/Mara-Lezama-Blvd-Colosio-20265.jpg 1500w, https:\/\/l21.mx\/wp-content\/uploads\/2026\/09\/Mara-Lezama-Blvd-Colosio-20265-300x200.jpg 300w, https:\/\/l21.mx\/wp-content\/uploads\/2026\/09\/Mara-Lezama-Blvd-Colosio-20265-1024x683.jpg 1024w, https:\/\/l21.mx\/wp-content\/uploads\/2026\/09\/Mara-Lezama-Blvd-Colosio-20265-768x512.jpg 768w, https:\/\/l21.mx\/wp-content\/uploads\/2026\/09\/Mara-Lezama-Blvd-Colosio-20265-1170x780.jpg 1170w, https:\/\/l21.mx\/wp-content\/uploads\/2026\/09\/Mara-Lezama-Blvd-Colosio-20265-585x390.jpg 585w, https:\/\/l21.mx\/wp-content\/uploads\/2026\/09\/Mara-Lezama-Blvd-Colosio-20265-263x175.jpg 263w\" sizes=\"(max-width: 1500px) 100vw, 1500px\" \/><\/a><\/p>\n<p>Hay obras que transforman una ciudad. Y hay obras que, adem\u00e1s, simbolizan la capacidad de un gobierno para escuchar un reclamo hist\u00f3rico, gestionar los recursos necesarios y convertir una demanda ciudadana en una realidad.<\/p>\n<p>El bulevar Luis Donaldo Colosio es una de ellas.<\/p>\n<p>Durante a\u00f1os, esta vialidad \u2014la principal puerta de entrada terrestre a Canc\u00fan y uno de los primeros rostros que encuentran quienes llegan al destino\u2014 fue sin\u00f3nimo de baches, congestionamientos y deterioro.<\/p>\n<p>Para una ciudad que es referente mundial del turismo, aquella realidad resultaba contradictoria.<\/p>\n<p>Mara Lezama decidi\u00f3 cambiarla. Como gobernadora, convirti\u00f3 la modernizaci\u00f3n del Colosio en una prioridad y llev\u00f3 la demanda de Canc\u00fan ante el Gobierno de M\u00e9xico. El resultado fue una inversi\u00f3n hist\u00f3rica que permiti\u00f3 rehabilitar integralmente 13.3 kil\u00f3metros de vialidad con concreto hidr\u00e1ulico, adem\u00e1s de construir puentes peatonales, mejorar la semaforizaci\u00f3n, adecuar retornos y generar bah\u00edas.<span class=\"Apple-converted-space\">\u00a0<\/span><\/p>\n<p>Pero Mara no se qued\u00f3 con la obra inicial. Su visi\u00f3n fue que la transformaci\u00f3n de esta vialidad ten\u00eda que ser integral. Por eso gestion\u00f3 recursos adicionales para complementar el proyecto con infraestructura que permanec\u00eda pendiente, entre ella el cableado subterr\u00e1neo de las l\u00edneas el\u00e9ctricas de alta tensi\u00f3n y otras obras para mejorar la seguridad y funcionalidad de esta importante v\u00eda.<\/p>\n<p>En 2023, la propia gobernadora destac\u00f3 que el bulevar Colosio formaba parte de un paquete de proyectos estrat\u00e9gicos de infraestructura para Canc\u00fan por 7 mil 200 millones de pesos gestionados durante su administraci\u00f3n.<span class=\"Apple-converted-space\">\u00a0<\/span><\/p>\n<p><a href=\"https:\/\/l21.mx\/wp-content\/uploads\/2026\/09\/Mara-Lezama-Blvd-Colosio-20266.jpg\" data-rel=\"penci-gallery-image-content\" ><img decoding=\"async\" class=\"aligncenter size-full wp-image-92685\" src=\"https:\/\/l21.mx\/wp-content\/uploads\/2026\/09\/Mara-Lezama-Blvd-Colosio-20266.jpg\" alt=\"\" width=\"1500\" height=\"1000\" srcset=\"https:\/\/l21.mx\/wp-content\/uploads\/2026\/09\/Mara-Lezama-Blvd-Colosio-20266.jpg 1500w, https:\/\/l21.mx\/wp-content\/uploads\/2026\/09\/Mara-Lezama-Blvd-Colosio-20266-300x200.jpg 300w, https:\/\/l21.mx\/wp-content\/uploads\/2026\/09\/Mara-Lezama-Blvd-Colosio-20266-1024x683.jpg 1024w, https:\/\/l21.mx\/wp-content\/uploads\/2026\/09\/Mara-Lezama-Blvd-Colosio-20266-768x512.jpg 768w, https:\/\/l21.mx\/wp-content\/uploads\/2026\/09\/Mara-Lezama-Blvd-Colosio-20266-1170x780.jpg 1170w, https:\/\/l21.mx\/wp-content\/uploads\/2026\/09\/Mara-Lezama-Blvd-Colosio-20266-585x390.jpg 585w, https:\/\/l21.mx\/wp-content\/uploads\/2026\/09\/Mara-Lezama-Blvd-Colosio-20266-263x175.jpg 263w\" sizes=\"(max-width: 1500px) 100vw, 1500px\" \/><\/a><\/p>\n<p style=\"text-align: center;\"><strong>De reclamo hist\u00f3rico a realidad<\/strong><\/p>\n<p>No fue solamente pavimentar una avenida. Fue hacer justicia a Canc\u00fan.<\/p>\n<p>Fue entender que la ciudad que genera una parte fundamental de la prosperidad de Quintana Roo merec\u00eda una infraestructura a la altura de su importancia econ\u00f3mica, tur\u00edstica y social. Y la historia no termin\u00f3 con la inauguraci\u00f3n.<\/p>\n<p>En 2026, Mara Lezama volvi\u00f3 a hacer algo que distingue a una obra bien gobernada: anticiparse al problema antes de que volviera a convertirse en una crisis.<\/p>\n<p>El mantenimiento del bulevar Colosio estaba originalmente programado para 2027. Sin embargo, ante el desgaste natural de la vialidad, la Gobernadora solicit\u00f3 al Gobierno Federal adelantar los trabajos para realizarlos este mismo a\u00f1o.<span class=\"Apple-converted-space\">\u00a0<\/span><\/p>\n<p>As\u00ed comenz\u00f3 un nuevo cap\u00edtulo para una de las arterias m\u00e1s importantes de Canc\u00fan: mantenimiento integral, atenci\u00f3n de la superficie de rodamiento y acciones para fortalecer la seguridad vial.<\/p>\n<p>&nbsp;<\/p>\n<p style=\"text-align: center;\"><strong>Una obra que deb\u00eda permanecer<\/strong><\/p>\n<p>Porque una obra no termina cuando se inaugura. Una obra se conserva. Se cuida. Se mantiene. Se mejora.<span class=\"Apple-converted-space\">\u00a0<\/span><\/p>\n<p>Y esa es precisamente la diferencia entre hacer una obra y dejar un legado.<\/p>\n<p>El bulevar Colosio representa hoy mucho m\u00e1s que una carretera renovada. Es la puerta de entrada a Canc\u00fan transformada; una vialidad que conecta a trabajadores con sus empleos, a familias con sus hogares y a millones de turistas con uno de los destinos m\u00e1s importantes de M\u00e9xico.<\/p>\n<p>La historia tambi\u00e9n habla de continuidad. Desde el inicio de su administraci\u00f3n, Mara Lezama hizo de la infraestructura una herramienta para transformar la vida cotidiana y fortalecer la competitividad de Quintana Roo. El bulevar Colosio, junto con otras obras estrat\u00e9gicas para Canc\u00fan, forma parte de esa visi\u00f3n.<\/p>\n<p>Canc\u00fan pidi\u00f3 durante a\u00f1os un bulevar Colosio digno. Mara Lezama lo gestion\u00f3, lo convirti\u00f3 en prioridad y consigui\u00f3 que se hiciera realidad.<\/p>\n<p>Y ahora est\u00e1 haciendo que permanezca en buenas condiciones.<\/p>\n<p>Porque transformar una ciudad no es solamente construirla. Es tener la visi\u00f3n para cambiarla y la voluntad para cuidarla.<\/p>\n<p>Mara lo logr\u00f3. El bulevar Colosio es hoy parte de su legado para Canc\u00fan y para Quintana Roo.<\/p>\n<p><a href=\"https:\/\/l21.mx\/wp-content\/uploads\/2026\/09\/Mara-Lezama-Blvd-Colosio-20263.jpg\" data-rel=\"penci-gallery-image-content\" ><img decoding=\"async\" class=\"aligncenter size-full wp-image-92688\" src=\"https:\/\/l21.mx\/wp-content\/uploads\/2026\/09\/Mara-Lezama-Blvd-Colosio-20263.jpg\" alt=\"\" width=\"1500\" height=\"2250\" srcset=\"https:\/\/l21.mx\/wp-content\/uploads\/2026\/09\/Mara-Lezama-Blvd-Colosio-20263.jpg 1500w, https:\/\/l21.mx\/wp-content\/uploads\/2026\/09\/Mara-Lezama-Blvd-Colosio-20263-200x300.jpg 200w, https:\/\/l21.mx\/wp-content\/uploads\/2026\/09\/Mara-Lezama-Blvd-Colosio-20263-683x1024.jpg 683w, https:\/\/l21.mx\/wp-content\/uploads\/2026\/09\/Mara-Lezama-Blvd-Colosio-20263-768x1152.jpg 768w, https:\/\/l21.mx\/wp-content\/uploads\/2026\/09\/Mara-Lezama-Blvd-Colosio-20263-1024x1536.jpg 1024w, https:\/\/l21.mx\/wp-content\/uploads\/2026\/09\/Mara-Lezama-Blvd-Colosio-20263-1365x2048.jpg 1365w, https:\/\/l21.mx\/wp-content\/uploads\/2026\/09\/Mara-Lezama-Blvd-Colosio-20263-1170x1755.jpg 1170w, https:\/\/l21.mx\/wp-content\/uploads\/2026\/09\/Mara-Lezama-Blvd-Colosio-20263-585x878.jpg 585w\" sizes=\"(max-width: 1500px) 100vw, 1500px\" \/><\/a><\/p>\n<blockquote><p>&nbsp;<\/p>\n<p style=\"text-align: center;\"><strong>El alcance de una gesti\u00f3n<\/strong><\/p>\n<p>PUENTE VEHICULAR NICHUPT\u00c9<span class=\"Apple-converted-space\">\u00a0<\/span><\/p>\n<p>11.2 km de longitud total, con 8.8 km sobre la laguna. Incorpora tres carriles \u2014dos fijos y uno reversible\u2014, ciclov\u00eda y paneles solares. Una nueva conexi\u00f3n estrat\u00e9gica para Canc\u00fan que tambi\u00e9n ofrece una ruta alterna ante contingencias.<\/p>\n<p>DISTRIBUIDOR VIAL AEROPUERTO<span class=\"Apple-converted-space\">\u00a0<\/span><\/p>\n<p>Parte del paquete de infraestructura estrat\u00e9gica para Canc\u00fan. Su funci\u00f3n va m\u00e1s all\u00e1 de agilizar el tr\u00e1nsito: articula el acceso al aeropuerto con uno de los corredores viales m\u00e1s importantes del destino y complementa la renovaci\u00f3n del Colosio.<\/p>\n<p>AVENIDA CHAC MOOL<span class=\"Apple-converted-space\">\u00a0<\/span><\/p>\n<p>Una nueva alternativa transversal para Canc\u00fan, dise\u00f1ada para ampliar la capacidad de circulaci\u00f3n en una ciudad que ha extendido su mancha urbana. Su ampliaci\u00f3n forma parte del paquete federal de infraestructura estrat\u00e9gica para el destino.<\/p>\n<p>HOSPITALES<span class=\"Apple-converted-space\">\u00a0<\/span><\/p>\n<p>Una nueva generaci\u00f3n de infraestructura hospitalaria avanza en el centro y sur de Quintana Roo: el Hospital General de Felipe Carrillo Puerto contempla 60 camas y equipamiento de diagn\u00f3stico; el Hospital General de Chetumal, 120 camas, 30 consultorios, cinco quir\u00f3fanos y hemodinamia; mientras el nuevo Hospital General del ISSSTE de Chetumal ampliar\u00e1 de 30 a 90 camas e incorporar\u00e1 cuatro quir\u00f3fanos, hemodi\u00e1lisis y tecnolog\u00eda de imagen. Son proyectos en distintas etapas de ejecuci\u00f3n que buscan reducir traslados y ampliar la atenci\u00f3n especializada en la regi\u00f3n.<\/p>\n<p>PUERTA AL MAR<span class=\"Apple-converted-space\">\u00a0<\/span><\/p>\n<p>Un camino de 55 km entre Felipe Carrillo Puerto y Vig\u00eda Chico que recupera una conexi\u00f3n hist\u00f3rica con el Caribe. M\u00e1s que una v\u00eda carretera, representa una nueva posibilidad de integraci\u00f3n territorial, movilidad y desarrollo para la zona Maya.<\/p>\n<p>POLO DE DESARROLLO ECON\u00d3MICO PARA EL BIENESTAR <span class=\"Apple-converted-space\">\u00a0<\/span><\/p>\n<p>En Chetumal, una apuesta para diversificar la econom\u00eda del sur y atraer nuevas actividades productivas. El proyecto articula infraestructura log\u00edstica, incentivos y condiciones para inversi\u00f3n, con una proyecci\u00f3n estatal de m\u00e1s de 16 mil empleos.<\/p><\/blockquote>\n<p style=\"text-align: center;\"><strong>Obras que trascienden<\/strong><\/p>\n<p>Al frente del gobierno de Quintana Roo, Mara Lezama ha convertido necesidades hist\u00f3ricas en infraestructura para conectar, atender, impulsar y abrir nuevas oportunidades en Quintana Roo<\/p>\n<p>Una agenda de infraestructura puede cambiar las condiciones en las que un estado se mueve, atiende a su poblaci\u00f3n, atrae inversi\u00f3n y genera oportunidades.<\/p>\n<p>La gesti\u00f3n de Mara Lezama ante el Gobierno de M\u00e9xico ha llevado recursos y proyectos estrat\u00e9gicos a distintos puntos de Quintana Roo y a sectores que van mucho m\u00e1s all\u00e1 de una sola vocaci\u00f3n. Movilidad, salud, conectividad y desarrollo econ\u00f3mico forman parte de una misma visi\u00f3n: atender rezagos, fortalecer infraestructura y crear mejores condiciones para una entidad cuya din\u00e1mica tur\u00edstica y econ\u00f3mica exige cada vez m\u00e1s capacidad.<\/p>\n<p>En Canc\u00fan, esa gesti\u00f3n se tradujo en nuevas soluciones de movilidad; en la zona Maya, en infraestructura que durante d\u00e9cadas permaneci\u00f3 como una demanda; y en el sur del estadi, en proyectos que buscan fortalecer tanto los servicios de salud como la actividad productiva del sur.<\/p>\n<p>Son obras distintas en escala, prop\u00f3sito y territorio. Algunas resuelven problemas cotidianos; otras abren conexiones o construyen capacidades para los pr\u00f3ximos a\u00f1os. Pero todas tienen un denominador com\u00fan: partieron de una necesidad concreta y requirieron gesti\u00f3n para convertirla en inversi\u00f3n p\u00fablica.<\/p>\n<p>El resultado es una agenda que se extiende por Quintana Roo y que permite mirar la infraestructura no s\u00f3lo como obra f\u00edsica, sino como una herramienta para elevar la calidad de vida, mejorar la competitividad y ampliar las oportunidades de desarrollo.<\/p>\n<p><span class=\"Apple-converted-space\">\u00a0<\/span><\/p>\n","protected":false},"excerpt":{"rendered":"<p>&nbsp; Durante a\u00f1os fue uno de los reclamos m\u00e1s insistentes de Canc\u00fan. Hoy es una realidad:&hellip;<\/p>\n","protected":false},"author":95,"featured_media":92687,"comment_status":"closed","ping_status":"closed","sticky":false,"template":"","format":"standard","meta":{"_acf_changed":false,"_lmt_disableupdate":"","_lmt_disable":"","_mbp_gutenberg_autopost":false,"footnotes":""},"categories":[23,19,853],"tags":[],"class_list":["post-92684","post","type-post","status-publish","format-standard","has-post-thumbnail","hentry","category-noticias","category-portada","category-portada-edicion-impresa"],"acf":[],"_links":{"self":[{"href":"https:\/\/l21.mx\/index.php?rest_route=\/wp\/v2\/posts\/92684","targetHints":{"allow":["GET"]}}],"collection":[{"href":"https:\/\/l21.mx\/index.php?rest_route=\/wp\/v2\/posts"}],"about":[{"href":"https:\/\/l21.mx\/index.php?rest_route=\/wp\/v2\/types\/post"}],"author":[{"embeddable":true,"href":"https:\/\/l21.mx\/index.php?rest_route=\/wp\/v2\/users\/95"}],"replies":[{"embeddable":true,"href":"https:\/\/l21.mx\/index.php?rest_route=%2Fwp%2Fv2%2Fcomments&post=92684"}],"version-history":[{"count":1,"href":"https:\/\/l21.mx\/index.php?rest_route=\/wp\/v2\/posts\/92684\/revisions"}],"predecessor-version":[{"id":92693,"href":"https:\/\/l21.mx\/index.php?rest_route=\/wp\/v2\/posts\/92684\/revisions\/92693"}],"wp:featuredmedia":[{"embeddable":true,"href":"https:\/\/l21.mx\/index.php?rest_route=\/wp\/v2\/media\/92687"}],"wp:attachment":[{"href":"https:\/\/l21.mx\/index.php?rest_route=%2Fwp%2Fv2%2Fmedia&parent=92684"}],"wp:term":[{"taxonomy":"category","embeddable":true,"href":"https:\/\/l21.mx\/index.php?rest_route=%2Fwp%2Fv2%2Fcategories&post=92684"},{"taxonomy":"post_tag","embeddable":true,"href":"https:\/\/l21.mx\/index.php?rest_route=%2Fwp%2Fv2%2Ftags&post=92684"}],"curies":[{"name":"wp","href":"https:\/\/api.w.org\/{rel}","templated":true}]}}