{"id":92758,"date":"2026-09-02T10:52:42","date_gmt":"2026-09-02T15:52:42","guid":{"rendered":"https:\/\/l21.mx\/?p=92758"},"modified":"2026-09-02T10:52:42","modified_gmt":"2026-09-02T15:52:42","slug":"fortalecen-al-gremio-taxista-con-capacitaciones","status":"publish","type":"post","link":"https:\/\/l21.mx\/?p=92758","title":{"rendered":"Fortalecen al gremio taxista con capacitaciones"},"content":{"rendered":"<p>&nbsp;<\/p>\n<p><em>Brindan herramientas para ofrecer un servicio m\u00e1s seguro, eficiente y de calidad<\/em><\/p>\n<p><a href=\"https:\/\/l21.mx\/wp-content\/uploads\/2026\/09\/taxis-1.jpeg\" data-rel=\"penci-gallery-image-content\" ><img fetchpriority=\"high\" decoding=\"async\" class=\"alignnone size-medium wp-image-92761\" src=\"https:\/\/l21.mx\/wp-content\/uploads\/2026\/09\/taxis-1-300x200.jpeg\" alt=\"\" width=\"300\" height=\"200\" srcset=\"https:\/\/l21.mx\/wp-content\/uploads\/2026\/09\/taxis-1-300x200.jpeg 300w, https:\/\/l21.mx\/wp-content\/uploads\/2026\/09\/taxis-1-1024x683.jpeg 1024w, https:\/\/l21.mx\/wp-content\/uploads\/2026\/09\/taxis-1-768x512.jpeg 768w, https:\/\/l21.mx\/wp-content\/uploads\/2026\/09\/taxis-1-585x390.jpeg 585w, https:\/\/l21.mx\/wp-content\/uploads\/2026\/09\/taxis-1-263x175.jpeg 263w, https:\/\/l21.mx\/wp-content\/uploads\/2026\/09\/taxis-1.jpeg 1080w\" sizes=\"(max-width: 300px) 100vw, 300px\" \/><\/a><\/p>\n<p>El Sindicato de Taxistas \u00abAndr\u00e9s Quintana Roo\u00bb de Canc\u00fan contin\u00faa impulsando acciones encaminadas a la profesionalizaci\u00f3n y al fortalecimiento de sus asociados operadores, con el objetivo de mejorar de manera permanente la calidad del servicio que se brinda a usuarios y visitantes.<\/p>\n<p>Como parte de estas acciones, se llev\u00f3 a cabo el\u00a0Curso de Capacitaci\u00f3n en Manejo y Atenci\u00f3n al Usuario, dirigido a operadores de TTE y asociados operadores taxistas, con el prop\u00f3sito de reforzar sus conocimientos y proporcionarles herramientas para ofrecer un servicio m\u00e1s seguro, eficiente y de calidad.<\/p>\n<p>Estas iniciativas son impulsadas bajo la direcci\u00f3n del\u00a0secretario general, Rub\u00e9n Carrillo, con la participaci\u00f3n de la\u00a0secretaria general adjunta, Rosy Zapata, y el\u00a0secretario del Interior, Michel D\u00edaz.<\/p>\n<p>La capacitaci\u00f3n estuvo a cargo de la\u00a0Secretar\u00eda de Educaci\u00f3n y Previsi\u00f3n Social, encabezada por Nora Karina P\u00e9rez Avenda\u00f1o, y cont\u00f3 con la participaci\u00f3n de integrantes del Comit\u00e9 Directivo, quienes compartieron conocimientos y experiencias desde sus respectivas \u00e1reas.<\/p>\n<p>Durante la jornada tambi\u00e9n se realiz\u00f3 la\u00a0entrega de diplomas a nuevos asociados operadores, como reconocimiento a su compromiso con la preparaci\u00f3n, la profesionalizaci\u00f3n y el crecimiento dentro del gremio.<\/p>\n<p>La capacitaci\u00f3n representa una herramienta fundamental para fortalecer la atenci\u00f3n al usuario y elevar los est\u00e1ndares del servicio de transporte en Canc\u00fan.<\/p>\n<p>Porque un mejor servicio comienza con operadores mejor preparados.<\/p>\n<p>El Sindicato de Taxistas \u00abAndr\u00e9s Quintana Roo\u00bb refrenda as\u00ed su compromiso de continuar avanzando con\u00a0capacitaci\u00f3n, unidad y responsabilidad, en beneficio de la familia taxista y de la ciudadan\u00eda de Canc\u00fan.<\/p>\n<p>&nbsp;<\/p>\n","protected":false},"excerpt":{"rendered":"<p>&nbsp; Brindan herramientas para ofrecer un servicio m\u00e1s seguro, eficiente y de calidad El Sindicato de&hellip;<\/p>\n","protected":false},"author":100,"featured_media":92760,"comment_status":"closed","ping_status":"closed","sticky":false,"template":"","format":"standard","meta":{"_acf_changed":false,"_lmt_disableupdate":"","_lmt_disable":"","_mbp_gutenberg_autopost":false,"footnotes":""},"categories":[23],"tags":[48,49,543],"class_list":["post-92758","post","type-post","status-publish","format-standard","has-post-thumbnail","hentry","category-noticias","tag-cancun","tag-quintana-roo","tag-taxistas"],"acf":[],"_links":{"self":[{"href":"https:\/\/l21.mx\/index.php?rest_route=\/wp\/v2\/posts\/92758","targetHints":{"allow":["GET"]}}],"collection":[{"href":"https:\/\/l21.mx\/index.php?rest_route=\/wp\/v2\/posts"}],"about":[{"href":"https:\/\/l21.mx\/index.php?rest_route=\/wp\/v2\/types\/post"}],"author":[{"embeddable":true,"href":"https:\/\/l21.mx\/index.php?rest_route=\/wp\/v2\/users\/100"}],"replies":[{"embeddable":true,"href":"https:\/\/l21.mx\/index.php?rest_route=%2Fwp%2Fv2%2Fcomments&post=92758"}],"version-history":[{"count":1,"href":"https:\/\/l21.mx\/index.php?rest_route=\/wp\/v2\/posts\/92758\/revisions"}],"predecessor-version":[{"id":92762,"href":"https:\/\/l21.mx\/index.php?rest_route=\/wp\/v2\/posts\/92758\/revisions\/92762"}],"wp:featuredmedia":[{"embeddable":true,"href":"https:\/\/l21.mx\/index.php?rest_route=\/wp\/v2\/media\/92760"}],"wp:attachment":[{"href":"https:\/\/l21.mx\/index.php?rest_route=%2Fwp%2Fv2%2Fmedia&parent=92758"}],"wp:term":[{"taxonomy":"category","embeddable":true,"href":"https:\/\/l21.mx\/index.php?rest_route=%2Fwp%2Fv2%2Fcategories&post=92758"},{"taxonomy":"post_tag","embeddable":true,"href":"https:\/\/l21.mx\/index.php?rest_route=%2Fwp%2Fv2%2Ftags&post=92758"}],"curies":[{"name":"wp","href":"https:\/\/api.w.org\/{rel}","templated":true}]}}