{"id":92787,"date":"2026-09-02T11:08:35","date_gmt":"2026-09-02T16:08:35","guid":{"rendered":"https:\/\/l21.mx\/?p=92787"},"modified":"2026-09-02T11:08:35","modified_gmt":"2026-09-02T16:08:35","slug":"viene-gustavo-petro-a-mexico","status":"publish","type":"post","link":"https:\/\/l21.mx\/?p=92787","title":{"rendered":"Viene Gustavo Petro a M\u00e9xico"},"content":{"rendered":"<p>&nbsp;<\/p>\n<p>&nbsp;<\/p>\n<p>Gustavo Petro escogi\u00f3 M\u00e9xico para su primera visita fuera de Colombia, tres semanas despu\u00e9s de dejar la presidencia, y en medio de un fuerte debate por la posibilidad de que busque arraigarse en el extranjero para evadir posibles procesos judiciales.<\/p>\n<p>Como presidente, Petro comprometi\u00f3 dos veces a Sheinbaum, al afirmar que la presidenta fue miembro de la guerrilla marxista colombiana M-19, que secuestr\u00f3 a 394 personas y asesin\u00f3 muchas de 1974 a 1990, seg\u00fan el Centro Nacional de Memoria Hist\u00f3rica y la Comisi\u00f3n de la Verdad.<\/p>\n<p>\u201cClaudia es, fue, miembro del M-19. Es decir, que para quienes no quieren dos tazas, ahora el M-19 ha dado dos presidentes en Am\u00e9rica Latina: ella y yo\u201d, dijo Petro en 2024. La presidenta dej\u00f3 pasar la infidencia, en su caracter\u00edstica habitual de cabeza fr\u00eda sin entrar en debates.<\/p>\n<p>Petro insisti\u00f3 en 2025 en que Sheinbaum s\u00ed era miembro del M-19, al pedirle hallar dos cantantes colombianos que luego aparecieron muertos en el Edomex: \u201cSolicito a la presidenta Sheinbaum, mi amiga y compa\u00f1era de lucha desde el M-19, lograr que aparezcan con vida\u201d.<\/p>\n<p>Sheinbaum aclar\u00f3 que \u201cnunca fui miembro del M-19, s\u00f3lo apoy\u00e9 a los movimientos de solidaridad con Colombia\u201d. Ahora, Petro vuelve a M\u00e9xico, para hablar sobre la ideolog\u00eda marxista: \u00bfSer\u00e1 cuidadoso con Sheinbaum como expresidente, si no lo fue como presidente?<\/p>\n<p>S\u00ed, porque Petro es todo menos prudente y act\u00faa cual chivo en cristaler\u00eda. Como presidente, culp\u00f3 a M\u00e9xico de la crisis econ\u00f3mica de Colombia: \u201cNuestro peso se devalu\u00f3, porque los d\u00f3lares de la coca\u00edna ahora se quedan en M\u00e9xico\u201d.<\/p>\n<p>Aunque esta vez carece del fuero judicial que le daba a su lengua suelta la investidura presidencial, y su viaje deja caliente la pol\u00edtica colombiana, pues la creencia general es que, esta visita a M\u00e9xico, es su primer paso para un exilio voluntario, o la b\u00fasqueda de asilo pol\u00edtico.<\/p>\n<p>El presidente De la Espriella acus\u00f3 formalmente a Petro ante la Fiscal\u00eda General con 80 casos detallados por corrupci\u00f3n administrativa en su mandato (2022-26). Y la Comisi\u00f3n de Investigaci\u00f3n y Acusaciones de la C\u00e1mara de Representantes tiene 200 folios abiertos en su contra.<\/p>\n<p>Tras apoyar al tirano Ortega en la OEA, lo menos que necesita la 4T hoy en la presencia de Petro, aunque sea en calidad de un conferencista m\u00e1s de los tantos que vienen al pa\u00eds a hablar de lo que gusten, y sea cual sea la ideolog\u00eda que practiquen.<\/p>\n<p>Sin embargo, los conferencistas que no gustan son expuestos en la Ma\u00f1anera, como son los casos de Isabel D\u00edaz Ayuso, presidenta de la Comunidad de Madrid; el periodista espa\u00f1ol Javier Negre; el consultor argentino Fernando Cerimedo.<\/p>\n","protected":false},"excerpt":{"rendered":"<p>&nbsp; &nbsp; Gustavo Petro escogi\u00f3 M\u00e9xico para su primera visita fuera de Colombia, tres semanas despu\u00e9s&hellip;<\/p>\n","protected":false},"author":100,"featured_media":49550,"comment_status":"closed","ping_status":"closed","sticky":false,"template":"","format":"standard","meta":{"_acf_changed":false,"_lmt_disableupdate":"","_lmt_disable":"","_mbp_gutenberg_autopost":false,"footnotes":""},"categories":[1009],"tags":[],"class_list":["post-92787","post","type-post","status-publish","format-standard","has-post-thumbnail","hentry","category-ruben-cortes"],"acf":[],"_links":{"self":[{"href":"https:\/\/l21.mx\/index.php?rest_route=\/wp\/v2\/posts\/92787","targetHints":{"allow":["GET"]}}],"collection":[{"href":"https:\/\/l21.mx\/index.php?rest_route=\/wp\/v2\/posts"}],"about":[{"href":"https:\/\/l21.mx\/index.php?rest_route=\/wp\/v2\/types\/post"}],"author":[{"embeddable":true,"href":"https:\/\/l21.mx\/index.php?rest_route=\/wp\/v2\/users\/100"}],"replies":[{"embeddable":true,"href":"https:\/\/l21.mx\/index.php?rest_route=%2Fwp%2Fv2%2Fcomments&post=92787"}],"version-history":[{"count":1,"href":"https:\/\/l21.mx\/index.php?rest_route=\/wp\/v2\/posts\/92787\/revisions"}],"predecessor-version":[{"id":92790,"href":"https:\/\/l21.mx\/index.php?rest_route=\/wp\/v2\/posts\/92787\/revisions\/92790"}],"wp:featuredmedia":[{"embeddable":true,"href":"https:\/\/l21.mx\/index.php?rest_route=\/wp\/v2\/media\/49550"}],"wp:attachment":[{"href":"https:\/\/l21.mx\/index.php?rest_route=%2Fwp%2Fv2%2Fmedia&parent=92787"}],"wp:term":[{"taxonomy":"category","embeddable":true,"href":"https:\/\/l21.mx\/index.php?rest_route=%2Fwp%2Fv2%2Fcategories&post=92787"},{"taxonomy":"post_tag","embeddable":true,"href":"https:\/\/l21.mx\/index.php?rest_route=%2Fwp%2Fv2%2Ftags&post=92787"}],"curies":[{"name":"wp","href":"https:\/\/api.w.org\/{rel}","templated":true}]}}