{"id":92807,"date":"2026-09-02T11:36:18","date_gmt":"2026-09-02T16:36:18","guid":{"rendered":"https:\/\/l21.mx\/?p=92807"},"modified":"2026-09-02T11:36:18","modified_gmt":"2026-09-02T16:36:18","slug":"impulsan-nueva-marca-turistica","status":"publish","type":"post","link":"https:\/\/l21.mx\/?p=92807","title":{"rendered":"Impulsan nueva marca tur\u00edstica"},"content":{"rendered":"<p>&nbsp;<\/p>\n<p><em>Estefan\u00eda Mercado da un paso hist\u00f3rico para el desarrollo de Kilich Kab, en la zona rural de Playa del Carmen, de la mano con el municipio de L\u00e1zaro C\u00e1rdenas <\/em><\/p>\n<p><a href=\"https:\/\/l21.mx\/wp-content\/uploads\/2026\/09\/Kilich-3.jpeg\" data-rel=\"penci-gallery-image-content\" ><img fetchpriority=\"high\" decoding=\"async\" class=\"alignnone size-medium wp-image-92724\" src=\"https:\/\/l21.mx\/wp-content\/uploads\/2026\/09\/Kilich-3-300x200.jpeg\" alt=\"\" width=\"300\" height=\"200\" srcset=\"https:\/\/l21.mx\/wp-content\/uploads\/2026\/09\/Kilich-3-300x200.jpeg 300w, https:\/\/l21.mx\/wp-content\/uploads\/2026\/09\/Kilich-3-1024x683.jpeg 1024w, https:\/\/l21.mx\/wp-content\/uploads\/2026\/09\/Kilich-3-768x512.jpeg 768w, https:\/\/l21.mx\/wp-content\/uploads\/2026\/09\/Kilich-3-1170x781.jpeg 1170w, https:\/\/l21.mx\/wp-content\/uploads\/2026\/09\/Kilich-3-585x390.jpeg 585w, https:\/\/l21.mx\/wp-content\/uploads\/2026\/09\/Kilich-3-263x175.jpeg 263w, https:\/\/l21.mx\/wp-content\/uploads\/2026\/09\/Kilich-3.jpeg 1280w\" sizes=\"(max-width: 300px) 100vw, 300px\" \/><\/a><\/p>\n<p>Pac-Ch\u00e9n, L\u00e1zaro C\u00e1rdenas, Q. Roo.- Con el objetivo de consolidar al turismo comunitario como una herramienta de desarrollo sostenible, fortalecer las cadenas de valor y diversificar la econom\u00eda rural, la presidenta municipal de Playa del Carmen, Estefan\u00eda Mercado, y su hom\u00f3logo de L\u00e1zaro C\u00e1rdenas, Nivardo Mena Villanueva, firmaron la solicitud formal para que Kilich Kab (Mundo Sagrado), sea declarado Zona Rural Comunitaria con Potencial Tur\u00edstico, lo que permitir\u00eda avanzar hacia su reconocimiento como la d\u00e9cimo tercera marca tur\u00edstica de Quintana Roo.<\/p>\n<p>La iniciativa representa un paso trascendental para el desarrollo tur\u00edstico con identidad en la regi\u00f3n nororiental del estado, al impulsar un corredor biocultural de m\u00e1s de 400 mil hect\u00e1reas, integrado por 40 comunidades, entre ellas Uxuxub\u00ed, Campamento Hidalgo y Punta Laguna, pertenecientes al municipio de Playa del Carmen.<\/p>\n<p>Durante el acto, encabezado por el secretario de Turismo de Quintana Roo, Bernardo Cueto Riestra, la alcaldesa de Playa del Carmen destac\u00f3 que Kilich Kab representa una oportunidad para generar prosperidad compartida y conectar las grandes fortalezas tur\u00edsticas del estado con la riqueza cultural y natural de sus comunidades.<\/p>\n<p>\u201cAqu\u00ed no venimos a decirle a las comunidades c\u00f3mo hacer las cosas, venimos a trabajar con ustedes. Ustedes conocen su tierra, su cultura y la mejor manera de cuidar el patrimonio que heredamos y que debemos entregar a las siguientes generaciones. Al gobierno le corresponde acompa\u00f1ar, facilitar, abrir puertas y generar condiciones\u201d, afirm\u00f3.<\/p>\n<p>&nbsp;<\/p>\n<p>&nbsp;<\/p>\n<p><strong><u>:::::::::::::::::<\/u><\/strong><\/p>\n<p>400 mil<\/p>\n<p>hect\u00e1reas abarca el corredor biocultural, integrado por 40 comunidades<\/p>\n","protected":false},"excerpt":{"rendered":"<p>&nbsp; Estefan\u00eda Mercado da un paso hist\u00f3rico para el desarrollo de Kilich Kab, en la zona&hellip;<\/p>\n","protected":false},"author":100,"featured_media":92723,"comment_status":"closed","ping_status":"closed","sticky":false,"template":"","format":"standard","meta":{"_acf_changed":false,"_lmt_disableupdate":"","_lmt_disable":"","_mbp_gutenberg_autopost":false,"footnotes":""},"categories":[23],"tags":[],"class_list":["post-92807","post","type-post","status-publish","format-standard","has-post-thumbnail","hentry","category-noticias"],"acf":[],"_links":{"self":[{"href":"https:\/\/l21.mx\/index.php?rest_route=\/wp\/v2\/posts\/92807","targetHints":{"allow":["GET"]}}],"collection":[{"href":"https:\/\/l21.mx\/index.php?rest_route=\/wp\/v2\/posts"}],"about":[{"href":"https:\/\/l21.mx\/index.php?rest_route=\/wp\/v2\/types\/post"}],"author":[{"embeddable":true,"href":"https:\/\/l21.mx\/index.php?rest_route=\/wp\/v2\/users\/100"}],"replies":[{"embeddable":true,"href":"https:\/\/l21.mx\/index.php?rest_route=%2Fwp%2Fv2%2Fcomments&post=92807"}],"version-history":[{"count":1,"href":"https:\/\/l21.mx\/index.php?rest_route=\/wp\/v2\/posts\/92807\/revisions"}],"predecessor-version":[{"id":92810,"href":"https:\/\/l21.mx\/index.php?rest_route=\/wp\/v2\/posts\/92807\/revisions\/92810"}],"wp:featuredmedia":[{"embeddable":true,"href":"https:\/\/l21.mx\/index.php?rest_route=\/wp\/v2\/media\/92723"}],"wp:attachment":[{"href":"https:\/\/l21.mx\/index.php?rest_route=%2Fwp%2Fv2%2Fmedia&parent=92807"}],"wp:term":[{"taxonomy":"category","embeddable":true,"href":"https:\/\/l21.mx\/index.php?rest_route=%2Fwp%2Fv2%2Fcategories&post=92807"},{"taxonomy":"post_tag","embeddable":true,"href":"https:\/\/l21.mx\/index.php?rest_route=%2Fwp%2Fv2%2Ftags&post=92807"}],"curies":[{"name":"wp","href":"https:\/\/api.w.org\/{rel}","templated":true}]}}