{"id":92811,"date":"2026-09-02T11:38:08","date_gmt":"2026-09-02T16:38:08","guid":{"rendered":"https:\/\/l21.mx\/?p=92811"},"modified":"2026-09-02T11:38:08","modified_gmt":"2026-09-02T16:38:08","slug":"feria-de-la-miel-2026-lagrimas-de-oro-maya","status":"publish","type":"post","link":"https:\/\/l21.mx\/?p=92811","title":{"rendered":"Feria de la Miel 2026 \u201cL\u00e1grimas de Oro Maya\u201d"},"content":{"rendered":"<p>&nbsp;<\/p>\n<p>&nbsp;<\/p>\n<p>Playa del Carmen.- Con la participaci\u00f3n de m\u00e1s de 30 apicultores provenientes de distintos municipios de Quintana Roo y 50 variedades del producto, autoridades municipales y estatales inauguraron la Feria de la Miel Playa del Carmen 2026 \u00abL\u00e1grimas de Oro Maya\u00bb, realizada en la Explanada del Parque Fundadores, con el objetivo de impulsar el consumo local, fortalecer la actividad ap\u00edcola y reconocer su importancia cultural y econ\u00f3mica en la regi\u00f3n.<\/p>\n<p>En representaci\u00f3n de la presidenta municipal de Playa del Carmen, Estefan\u00eda Mercado, la secretaria de Desarrollo Econ\u00f3mico y de Atracci\u00f3n de Inversiones, Estefan\u00eda Hern\u00e1ndez, destac\u00f3 que el consumo de productos locales es fundamental para generar nuevas oportunidades econ\u00f3micas y fortalecer la identidad del municipio.<\/p>\n<p>\u201cMuchas veces hablamos de la diversificaci\u00f3n econ\u00f3mica, pero la realidad es que ya existe; lo que necesitamos es potencializarla. Aqu\u00ed iniciamos con la producci\u00f3n de nuestra abeja sagrada, que no solamente representa una conexi\u00f3n con nuestra cultura maya, sino que tambi\u00e9n es medicina, identidad cultural y una actividad que nos representa como estado\u201d, expres\u00f3.<\/p>\n<p>Reconoci\u00f3 el trabajo de los productores ap\u00edcolas y agradeci\u00f3 la coordinaci\u00f3n del Gobierno del Estado de Quintana Roo para hacer posible esta feria, as\u00ed como la participaci\u00f3n de los m\u00e1s de 30 apicultores que ofrecieron sus productos a las familias y visitantes.<\/p>\n<p>&nbsp;<\/p>\n<p>&nbsp;<\/p>\n<p><strong><u>:::::::::::::::::::::::::::::::::<\/u><\/strong><\/p>\n<p>+50 tipos<\/p>\n<p>de miel y derivados ap\u00edcolas presentaron productores de Bacalar, Oth\u00f3n P. Blanco, L\u00e1zaro C\u00e1rdenas, Playa del Carmen y Felipe Carrillo<\/p>\n<p>&nbsp;<\/p>\n","protected":false},"excerpt":{"rendered":"<p>&nbsp; &nbsp; Playa del Carmen.- Con la participaci\u00f3n de m\u00e1s de 30 apicultores provenientes de distintos&hellip;<\/p>\n","protected":false},"author":100,"featured_media":92726,"comment_status":"closed","ping_status":"closed","sticky":false,"template":"","format":"standard","meta":{"_acf_changed":false,"_lmt_disableupdate":"","_lmt_disable":"","_mbp_gutenberg_autopost":false,"footnotes":""},"categories":[1654],"tags":[],"class_list":["post-92811","post","type-post","status-publish","format-standard","has-post-thumbnail","hentry","category-solidaridad"],"acf":[],"_links":{"self":[{"href":"https:\/\/l21.mx\/index.php?rest_route=\/wp\/v2\/posts\/92811","targetHints":{"allow":["GET"]}}],"collection":[{"href":"https:\/\/l21.mx\/index.php?rest_route=\/wp\/v2\/posts"}],"about":[{"href":"https:\/\/l21.mx\/index.php?rest_route=\/wp\/v2\/types\/post"}],"author":[{"embeddable":true,"href":"https:\/\/l21.mx\/index.php?rest_route=\/wp\/v2\/users\/100"}],"replies":[{"embeddable":true,"href":"https:\/\/l21.mx\/index.php?rest_route=%2Fwp%2Fv2%2Fcomments&post=92811"}],"version-history":[{"count":1,"href":"https:\/\/l21.mx\/index.php?rest_route=\/wp\/v2\/posts\/92811\/revisions"}],"predecessor-version":[{"id":92814,"href":"https:\/\/l21.mx\/index.php?rest_route=\/wp\/v2\/posts\/92811\/revisions\/92814"}],"wp:featuredmedia":[{"embeddable":true,"href":"https:\/\/l21.mx\/index.php?rest_route=\/wp\/v2\/media\/92726"}],"wp:attachment":[{"href":"https:\/\/l21.mx\/index.php?rest_route=%2Fwp%2Fv2%2Fmedia&parent=92811"}],"wp:term":[{"taxonomy":"category","embeddable":true,"href":"https:\/\/l21.mx\/index.php?rest_route=%2Fwp%2Fv2%2Fcategories&post=92811"},{"taxonomy":"post_tag","embeddable":true,"href":"https:\/\/l21.mx\/index.php?rest_route=%2Fwp%2Fv2%2Ftags&post=92811"}],"curies":[{"name":"wp","href":"https:\/\/api.w.org\/{rel}","templated":true}]}}