{"id":92815,"date":"2026-09-02T11:39:06","date_gmt":"2026-09-02T16:39:06","guid":{"rendered":"https:\/\/l21.mx\/?p=92815"},"modified":"2026-09-02T11:39:06","modified_gmt":"2026-09-02T16:39:06","slug":"promueven-retiro-digno-de-policias-municipales","status":"publish","type":"post","link":"https:\/\/l21.mx\/?p=92815","title":{"rendered":"Promueven retiro digno de polic\u00edas municipales"},"content":{"rendered":"<p>&nbsp;<\/p>\n<p>Playa del Carmen.- La presidenta municipal Estefan\u00eda Mercado inici\u00f3 un proceso de reconocimiento para el retiro digno de mujeres y hombres de la Polic\u00eda Municipal que, despu\u00e9s de a\u00f1os de entrega y servicio, han dedicado una parte importante de sus vidas a cuidar y proteger a las familias de Playa del Carmen.<\/p>\n<p>Destac\u00f3 que detr\u00e1s de cada uniforme existe una historia de esfuerzo, sacrificio, disciplina y vocaci\u00f3n de servicio que merece ser reconocida por el Gobierno Municipal y, sobre todo, por el pueblo de Playa del Carmen.<\/p>\n<p>Se\u00f1al\u00f3 que este proceso tiene como prop\u00f3sito que quienes han entregado a\u00f1os de su vida al servicio de la ciudad puedan concluir esta etapa con el respeto, la dignidad y el reconocimiento que merecen, valorando no solamente su trayectoria dentro de la corporaci\u00f3n, sino tambi\u00e9n los sacrificios personales y familiares que implica la labor policial.<\/p>\n<p>\u201cEn nombre del pueblo de Playa del Carmen, todo nuestro reconocimiento y todo nuestro agradecimiento por cada a\u00f1o de servicio prestado por estos hombres y estas mujeres. Hoy queremos reconocer una vida de trabajo y de entrega a nuestra comunidad\u201d, afirm\u00f3.<\/p>\n<p>Subray\u00f3 que dignificar a la Polic\u00eda Municipal no significa \u00fanicamente fortalecer las condiciones de quienes actualmente se encuentran en activo, sino tambi\u00e9n hacer justicia y reconocer la trayectoria de quienes han cumplido su ciclo de servicio.<\/p>\n<p>&nbsp;<\/p>\n<p><strong><u>:::::::::::::::::::::::::::::<\/u><\/strong><\/p>\n<p>\u201cHonor a quien honor merece. Podr\u00e1n dejar de portar el uniforme, pero es un uniforme que siempre llevar\u00e1n en el coraz\u00f3n\u201d.<\/p>\n<p>Estefan\u00eda Mercado<\/p>\n<p>Presidenta municipal de Playa del Carmen<\/p>\n<p>&nbsp;<\/p>\n<p>&nbsp;<\/p>\n","protected":false},"excerpt":{"rendered":"<p>&nbsp; Playa del Carmen.- La presidenta municipal Estefan\u00eda Mercado inici\u00f3 un proceso de reconocimiento para el&hellip;<\/p>\n","protected":false},"author":100,"featured_media":92725,"comment_status":"closed","ping_status":"closed","sticky":false,"template":"","format":"standard","meta":{"_acf_changed":false,"_lmt_disableupdate":"","_lmt_disable":"","_mbp_gutenberg_autopost":false,"footnotes":""},"categories":[1654],"tags":[],"class_list":["post-92815","post","type-post","status-publish","format-standard","has-post-thumbnail","hentry","category-solidaridad"],"acf":[],"_links":{"self":[{"href":"https:\/\/l21.mx\/index.php?rest_route=\/wp\/v2\/posts\/92815","targetHints":{"allow":["GET"]}}],"collection":[{"href":"https:\/\/l21.mx\/index.php?rest_route=\/wp\/v2\/posts"}],"about":[{"href":"https:\/\/l21.mx\/index.php?rest_route=\/wp\/v2\/types\/post"}],"author":[{"embeddable":true,"href":"https:\/\/l21.mx\/index.php?rest_route=\/wp\/v2\/users\/100"}],"replies":[{"embeddable":true,"href":"https:\/\/l21.mx\/index.php?rest_route=%2Fwp%2Fv2%2Fcomments&post=92815"}],"version-history":[{"count":1,"href":"https:\/\/l21.mx\/index.php?rest_route=\/wp\/v2\/posts\/92815\/revisions"}],"predecessor-version":[{"id":92818,"href":"https:\/\/l21.mx\/index.php?rest_route=\/wp\/v2\/posts\/92815\/revisions\/92818"}],"wp:featuredmedia":[{"embeddable":true,"href":"https:\/\/l21.mx\/index.php?rest_route=\/wp\/v2\/media\/92725"}],"wp:attachment":[{"href":"https:\/\/l21.mx\/index.php?rest_route=%2Fwp%2Fv2%2Fmedia&parent=92815"}],"wp:term":[{"taxonomy":"category","embeddable":true,"href":"https:\/\/l21.mx\/index.php?rest_route=%2Fwp%2Fv2%2Fcategories&post=92815"},{"taxonomy":"post_tag","embeddable":true,"href":"https:\/\/l21.mx\/index.php?rest_route=%2Fwp%2Fv2%2Ftags&post=92815"}],"curies":[{"name":"wp","href":"https:\/\/api.w.org\/{rel}","templated":true}]}}