{"id":92823,"date":"2026-09-02T11:43:20","date_gmt":"2026-09-02T16:43:20","guid":{"rendered":"https:\/\/l21.mx\/?p=92823"},"modified":"2026-09-02T11:43:20","modified_gmt":"2026-09-02T16:43:20","slug":"alianza-por-el-territorio","status":"publish","type":"post","link":"https:\/\/l21.mx\/?p=92823","title":{"rendered":"Alianza por el territorio"},"content":{"rendered":"<p>&nbsp;<\/p>\n<p>&nbsp;<\/p>\n<p><em>Las fundaciones Pedro y Elena Hern\u00e1ndez, AXA M\u00e9xico y SiMiPlaneta unen recursos y capacidades para fortalecer la investigaci\u00f3n y conservaci\u00f3n del Flamenco del Caribe en la Pen\u00ednsula de Yucat\u00e1n<\/em><\/p>\n<p>&nbsp;<\/p>\n<p><a href=\"https:\/\/l21.mx\/wp-content\/uploads\/2026\/09\/alianza-por-el-flamenco-rosa-6.jpg\" data-rel=\"penci-gallery-image-content\" ><img fetchpriority=\"high\" decoding=\"async\" class=\"alignnone size-medium wp-image-92736\" src=\"https:\/\/l21.mx\/wp-content\/uploads\/2026\/09\/alianza-por-el-flamenco-rosa-6-300x200.jpg\" alt=\"\" width=\"300\" height=\"200\" srcset=\"https:\/\/l21.mx\/wp-content\/uploads\/2026\/09\/alianza-por-el-flamenco-rosa-6-300x200.jpg 300w, https:\/\/l21.mx\/wp-content\/uploads\/2026\/09\/alianza-por-el-flamenco-rosa-6-1024x683.jpg 1024w, https:\/\/l21.mx\/wp-content\/uploads\/2026\/09\/alianza-por-el-flamenco-rosa-6-768x513.jpg 768w, https:\/\/l21.mx\/wp-content\/uploads\/2026\/09\/alianza-por-el-flamenco-rosa-6-1170x781.jpg 1170w, https:\/\/l21.mx\/wp-content\/uploads\/2026\/09\/alianza-por-el-flamenco-rosa-6-585x390.jpg 585w, https:\/\/l21.mx\/wp-content\/uploads\/2026\/09\/alianza-por-el-flamenco-rosa-6-263x175.jpg 263w, https:\/\/l21.mx\/wp-content\/uploads\/2026\/09\/alianza-por-el-flamenco-rosa-6.jpg 1500w\" sizes=\"(max-width: 300px) 100vw, 300px\" \/><\/a><\/p>\n<p>La conservaci\u00f3n ambiental tambi\u00e9n puede construirse desde la colaboraci\u00f3n. Cuando empresas, fundaciones e instituciones suman recursos, conocimiento y capacidades, la responsabilidad social adquiere una dimensi\u00f3n que va m\u00e1s all\u00e1 de una aportaci\u00f3n: se convierte en proyectos capaces de generar informaci\u00f3n, proteger ecosistemas y contribuir al bienestar de las comunidades.<\/p>\n<p>En la Pen\u00ednsula de Yucat\u00e1n, esa visi\u00f3n se refleja en el trabajo conjunto para conocer y proteger al Flamenco del Caribe (<em>Phoenicopterus ruber<\/em>), una especie emblem\u00e1tica de los humedales de la regi\u00f3n. Fundaci\u00f3n Pedro y Elena Hern\u00e1ndez, en colaboraci\u00f3n con la CONANP y con el respaldo de Fundaci\u00f3n AXA M\u00e9xico y Fundaci\u00f3n SiMiPlaneta, fortalece un programa de monitoreo que utiliza tecnolog\u00eda satelital para entender los desplazamientos de estas aves y los espacios que necesitan para sobrevivir.<\/p>\n<p>La reciente incorporaci\u00f3n de tres nuevos transmisores solares, colocados en ejemplares adultos llamados V\u00edctor, Pedro y Elena, ampl\u00eda una investigaci\u00f3n que ya ha generado miles de registros sobre los movimientos del flamenco entre M\u00e9xico y Cuba. Pero detr\u00e1s de cada dato existe un objetivo mayor: convertir el conocimiento cient\u00edfico en herramientas para la conservaci\u00f3n y sumar esfuerzos para proteger los ecosistemas que sostienen a la especie.<\/p>\n<p><a href=\"https:\/\/l21.mx\/wp-content\/uploads\/2026\/09\/alianza-por-el-flamenco-rosa-4.jpg\" data-rel=\"penci-gallery-image-content\" ><img decoding=\"async\" class=\"alignnone size-medium wp-image-92735\" src=\"https:\/\/l21.mx\/wp-content\/uploads\/2026\/09\/alianza-por-el-flamenco-rosa-4-300x200.jpg\" alt=\"\" width=\"300\" height=\"200\" srcset=\"https:\/\/l21.mx\/wp-content\/uploads\/2026\/09\/alianza-por-el-flamenco-rosa-4-300x200.jpg 300w, https:\/\/l21.mx\/wp-content\/uploads\/2026\/09\/alianza-por-el-flamenco-rosa-4-1024x683.jpg 1024w, https:\/\/l21.mx\/wp-content\/uploads\/2026\/09\/alianza-por-el-flamenco-rosa-4-768x513.jpg 768w, https:\/\/l21.mx\/wp-content\/uploads\/2026\/09\/alianza-por-el-flamenco-rosa-4-1170x781.jpg 1170w, https:\/\/l21.mx\/wp-content\/uploads\/2026\/09\/alianza-por-el-flamenco-rosa-4-585x390.jpg 585w, https:\/\/l21.mx\/wp-content\/uploads\/2026\/09\/alianza-por-el-flamenco-rosa-4-263x175.jpg 263w, https:\/\/l21.mx\/wp-content\/uploads\/2026\/09\/alianza-por-el-flamenco-rosa-4.jpg 1500w\" sizes=\"(max-width: 300px) 100vw, 300px\" \/><\/a><\/p>\n<p>&nbsp;<\/p>\n<h3><strong>Ciencia que se convierte en conservaci\u00f3n<\/strong><\/h3>\n<p>La colocaci\u00f3n de los nuevos dispositivos eleva a 26 el n\u00famero de transmisores instalados por la Fundaci\u00f3n como parte de su programa de seguimiento satelital. Estos equipos permiten conocer con mayor precisi\u00f3n los desplazamientos de los flamencos, identificar sus \u00e1reas de alimentaci\u00f3n y descanso y detectar humedales estrat\u00e9gicos para la especie.<\/p>\n<p>La operaci\u00f3n se realiz\u00f3 durante el operativo de anillamiento 2026 en la Reserva de la Biosfera R\u00eda Celest\u00fan. De esta manera, se evit\u00f3 una captura independiente y se redujo el estr\u00e9s adicional para las aves y sus colonias.<\/p>\n<p>Antes de utilizarse en ejemplares silvestres, el sistema fue probado en un flamenco en cautiverio del Parque Zool\u00f3gico del Centenario Animaya. La prueba permiti\u00f3 validar la t\u00e9cnica, los materiales y el ajuste necesarios para garantizar que el dispositivo no interfiriera con el desplazamiento o la alimentaci\u00f3n del ave. El sistema de sujeci\u00f3n est\u00e1 dise\u00f1ado para desprenderse naturalmente despu\u00e9s de aproximadamente tres a\u00f1os.<\/p>\n<p>El proyecto forma parte de \u201cConservaci\u00f3n del Flamenco del Caribe (<em>Phoenicopterus ruber<\/em>) en la Pen\u00ednsula de Yucat\u00e1n\u201d, cuya vigencia se extiende hasta marzo de 2027. Entre sus acciones se encuentran el monitoreo mediante transmisores satelitales, el anillamiento de ejemplares, la evaluaci\u00f3n del h\u00e1bitat y la identificaci\u00f3n de amenazas directas para la especie.<\/p>\n<p>El monitoreo satelital que la Fundaci\u00f3n impulsa desde 2017 ha permitido conocer los humedales que utiliza el flamenco durante las temporadas de nortes, seca y lluvias, adem\u00e1s de documentar patrones de alimentaci\u00f3n, dispersi\u00f3n y reproducci\u00f3n.<\/p>\n<p>Los resultados muestran la complejidad de los desplazamientos de esta especie. Los registros han identificado recorridos de hasta 20 kil\u00f3metros entre \u00e1reas de alimentaci\u00f3n y descanso, adem\u00e1s de aportar evidencia sobre la importancia de distintos humedales, muchos de ellos sometidos a una creciente presi\u00f3n por los efectos del cambio clim\u00e1tico.<\/p>\n<p>Uno de los principales hallazgos ha sido demostrar la conectividad funcional entre los humedales de la Pen\u00ednsula de Yucat\u00e1n y Cuba. El seguimiento de 23 ejemplares y m\u00e1s de 18 mil registros ha documentado una amplia diversidad de patrones de movilidad: desde flamencos que viajan entre ambos pa\u00edses y permanecen meses en Cuba, hasta individuos que desarrollan pr\u00e1cticamente toda su actividad dentro de la pen\u00ednsula.<\/p>\n<p>&nbsp;<\/p>\n<p><strong> <a href=\"https:\/\/l21.mx\/wp-content\/uploads\/2026\/09\/alianza-por-el-flamenco-rosa-1.jpg\" data-rel=\"penci-gallery-image-content\" ><img decoding=\"async\" class=\"alignnone size-medium wp-image-92737\" src=\"https:\/\/l21.mx\/wp-content\/uploads\/2026\/09\/alianza-por-el-flamenco-rosa-1-225x300.jpg\" alt=\"\" width=\"225\" height=\"300\" srcset=\"https:\/\/l21.mx\/wp-content\/uploads\/2026\/09\/alianza-por-el-flamenco-rosa-1-225x300.jpg 225w, https:\/\/l21.mx\/wp-content\/uploads\/2026\/09\/alianza-por-el-flamenco-rosa-1-768x1024.jpg 768w, https:\/\/l21.mx\/wp-content\/uploads\/2026\/09\/alianza-por-el-flamenco-rosa-1-1152x1536.jpg 1152w, https:\/\/l21.mx\/wp-content\/uploads\/2026\/09\/alianza-por-el-flamenco-rosa-1-1170x1560.jpg 1170w, https:\/\/l21.mx\/wp-content\/uploads\/2026\/09\/alianza-por-el-flamenco-rosa-1-585x780.jpg 585w, https:\/\/l21.mx\/wp-content\/uploads\/2026\/09\/alianza-por-el-flamenco-rosa-1.jpg 1500w\" sizes=\"(max-width: 225px) 100vw, 225px\" \/><\/a><\/strong><\/p>\n<h3><strong>Sumar esfuerzos multiplica el impacto<\/strong><\/h3>\n<p>La investigaci\u00f3n cient\u00edfica es una parte esencial del proyecto, pero tambi\u00e9n lo es la forma en que se construye. La conservaci\u00f3n del flamenco representa un ejemplo de c\u00f3mo la responsabilidad social puede traducirse en alianzas de largo alcance, donde diferentes organizaciones aportan recursos y capacidades para atender una causa com\u00fan.<\/p>\n<p>El proyecto cuenta con una inversi\u00f3n total de 2.5 millones de pesos, en concurrencia con Fundaci\u00f3n AXA M\u00e9xico y Fundaci\u00f3n SiMiPlaneta. Las tres organizaciones desarrollan de manera colaborativa proyectos de impacto relacionados con la conservaci\u00f3n del Flamenco del Caribe y su h\u00e1bitat, as\u00ed como con la educaci\u00f3n ambiental.<\/p>\n<p>La alianza se integra a un esfuerzo institucional de mayor alcance. Desde febrero de 2026, Fundaci\u00f3n Pedro y Elena Hern\u00e1ndez y la Comisi\u00f3n Nacional de \u00c1reas Naturales Protegidas trabajan bajo un convenio que tendr\u00e1 vigencia hasta septiembre de 2030 y que contempla acciones dentro del Subprograma de Monitoreo y Conservaci\u00f3n del Flamenco del Caribe y su h\u00e1bitat en la Pen\u00ednsula de Yucat\u00e1n.<\/p>\n<p>El trabajo involucra a las Reservas de la Biosfera R\u00eda Celest\u00fan, R\u00eda Lagartos y Los Petenes, adem\u00e1s del \u00c1rea de Protecci\u00f3n de Flora y Fauna Yum Balam. La coordinaci\u00f3n permite ampliar el alcance territorial del monitoreo y generar informaci\u00f3n que puede contribuir a las estrategias de conservaci\u00f3n de los ecosistemas.<\/p>\n<p>Para las organizaciones participantes, el valor de la colaboraci\u00f3n est\u00e1 precisamente en sumar capacidades. La inversi\u00f3n permite incorporar tecnolog\u00eda; la tecnolog\u00eda genera informaci\u00f3n; y esa informaci\u00f3n ofrece herramientas para que especialistas e instituciones comprendan mejor las necesidades de la especie y de los humedales que utiliza.<\/p>\n<p>Tambi\u00e9n hay una dimensi\u00f3n social en ese proceso. La conservaci\u00f3n de estos ecosistemas no se limita a proteger una especie emblem\u00e1tica: implica preservar espacios naturales que forman parte del equilibrio ambiental de la Pen\u00ednsula de Yucat\u00e1n y del patrimonio que comparten sus comunidades.<\/p>\n<p>&nbsp;<\/p>\n<p><a href=\"https:\/\/l21.mx\/wp-content\/uploads\/2026\/09\/alianza-por-el-flamenco-rosa-2.jpg\" data-rel=\"penci-gallery-image-content\" ><img loading=\"lazy\" decoding=\"async\" class=\"alignnone size-medium wp-image-92733\" src=\"https:\/\/l21.mx\/wp-content\/uploads\/2026\/09\/alianza-por-el-flamenco-rosa-2-225x300.jpg\" alt=\"\" width=\"225\" height=\"300\" srcset=\"https:\/\/l21.mx\/wp-content\/uploads\/2026\/09\/alianza-por-el-flamenco-rosa-2-225x300.jpg 225w, https:\/\/l21.mx\/wp-content\/uploads\/2026\/09\/alianza-por-el-flamenco-rosa-2-768x1024.jpg 768w, https:\/\/l21.mx\/wp-content\/uploads\/2026\/09\/alianza-por-el-flamenco-rosa-2-1152x1536.jpg 1152w, https:\/\/l21.mx\/wp-content\/uploads\/2026\/09\/alianza-por-el-flamenco-rosa-2-1170x1560.jpg 1170w, https:\/\/l21.mx\/wp-content\/uploads\/2026\/09\/alianza-por-el-flamenco-rosa-2-585x780.jpg 585w, https:\/\/l21.mx\/wp-content\/uploads\/2026\/09\/alianza-por-el-flamenco-rosa-2.jpg 1500w\" sizes=\"(max-width: 225px) 100vw, 225px\" \/><\/a><\/p>\n<p><strong>\u00a0<\/strong><strong>El proyecto en cifras<\/strong><\/p>\n<p>&nbsp;<\/p>\n<p>2.5 mdp<\/p>\n<p>de inversi\u00f3n total para el proyecto de conservaci\u00f3n.<\/p>\n<p>&nbsp;<\/p>\n<p>26 transmisores<\/p>\n<p>instalados actualmente como parte del monitoreo satelital.<\/p>\n<p>&nbsp;<\/p>\n<p>23 ejemplares<\/p>\n<p>han sido monitoreados mediante transmisores.<\/p>\n<p>&nbsp;<\/p>\n<p>+ 18,000 registros<\/p>\n<p>GPS han sido generados.<\/p>\n<p>&nbsp;<\/p>\n<p>5,500 km<\/p>\n<p>o m\u00e1s han recorrido algunos ejemplares.<\/p>\n<p>&nbsp;<\/p>\n<p>18 sitios<\/p>\n<p>de M\u00e9xico y Cuba han sido utilizados por algunos flamencos.<\/p>\n<p>&nbsp;<\/p>\n<p>20 km<\/p>\n<p>pueden alcanzar los desplazamientos entre \u00e1reas de alimentaci\u00f3n y descanso.<\/p>\n<p>&nbsp;<\/p>\n<p>&nbsp;<\/p>\n<p>&nbsp;<\/p>\n","protected":false},"excerpt":{"rendered":"<p>&nbsp; &nbsp; Las fundaciones Pedro y Elena Hern\u00e1ndez, AXA M\u00e9xico y SiMiPlaneta unen recursos y capacidades&hellip;<\/p>\n","protected":false},"author":100,"featured_media":92734,"comment_status":"closed","ping_status":"closed","sticky":false,"template":"","format":"standard","meta":{"_acf_changed":false,"_lmt_disableupdate":"","_lmt_disable":"","_mbp_gutenberg_autopost":false,"footnotes":""},"categories":[35],"tags":[],"class_list":["post-92823","post","type-post","status-publish","format-standard","has-post-thumbnail","hentry","category-responsabilidad-social"],"acf":[],"_links":{"self":[{"href":"https:\/\/l21.mx\/index.php?rest_route=\/wp\/v2\/posts\/92823","targetHints":{"allow":["GET"]}}],"collection":[{"href":"https:\/\/l21.mx\/index.php?rest_route=\/wp\/v2\/posts"}],"about":[{"href":"https:\/\/l21.mx\/index.php?rest_route=\/wp\/v2\/types\/post"}],"author":[{"embeddable":true,"href":"https:\/\/l21.mx\/index.php?rest_route=\/wp\/v2\/users\/100"}],"replies":[{"embeddable":true,"href":"https:\/\/l21.mx\/index.php?rest_route=%2Fwp%2Fv2%2Fcomments&post=92823"}],"version-history":[{"count":1,"href":"https:\/\/l21.mx\/index.php?rest_route=\/wp\/v2\/posts\/92823\/revisions"}],"predecessor-version":[{"id":92826,"href":"https:\/\/l21.mx\/index.php?rest_route=\/wp\/v2\/posts\/92823\/revisions\/92826"}],"wp:featuredmedia":[{"embeddable":true,"href":"https:\/\/l21.mx\/index.php?rest_route=\/wp\/v2\/media\/92734"}],"wp:attachment":[{"href":"https:\/\/l21.mx\/index.php?rest_route=%2Fwp%2Fv2%2Fmedia&parent=92823"}],"wp:term":[{"taxonomy":"category","embeddable":true,"href":"https:\/\/l21.mx\/index.php?rest_route=%2Fwp%2Fv2%2Fcategories&post=92823"},{"taxonomy":"post_tag","embeddable":true,"href":"https:\/\/l21.mx\/index.php?rest_route=%2Fwp%2Fv2%2Ftags&post=92823"}],"curies":[{"name":"wp","href":"https:\/\/api.w.org\/{rel}","templated":true}]}}