{"id":92843,"date":"2026-09-02T11:52:18","date_gmt":"2026-09-02T16:52:18","guid":{"rendered":"https:\/\/l21.mx\/?p=92843"},"modified":"2026-09-02T11:52:18","modified_gmt":"2026-09-02T16:52:18","slug":"construccion-que-genera-conexiones","status":"publish","type":"post","link":"https:\/\/l21.mx\/?p=92843","title":{"rendered":"Construcci\u00f3n que genera conexiones"},"content":{"rendered":"<p>&nbsp;<\/p>\n<p>&nbsp;<\/p>\n<p>&nbsp;<\/p>\n<p>La construcci\u00f3n tambi\u00e9n tiene su propia manera de hacer turismo: llegan empresas, proveedores, especialistas y compradores, se hacen contactos y, muchas veces, los negocios empiezan a tomar forma mucho despu\u00e9s.<\/p>\n<p>Eso ocurri\u00f3 con Expo Deconarq, que reuni\u00f3 a 83 expositores y alrededor de 3 mil visitantes. Cerca de 60% lleg\u00f3 de otros estados e incluso de Estados Unidos, convirtiendo la exposici\u00f3n en una ventana para conocer las oportunidades que ofrece Quintana Roo.<\/p>\n<p>Software, materiales, automatizaci\u00f3n, iluminaci\u00f3n, seguridad y soluciones orientadas a la eficiencia energ\u00e9tica formaron parte de la oferta.<\/p>\n<p>La derrama directa se estim\u00f3 entre 15 y 40 millones de pesos, adem\u00e1s de unos 5 millones indirectos por hospedaje, transporte, vi\u00e1ticos y log\u00edstica.<\/p>\n<p>M\u00e1s de dos d\u00e9cadas despu\u00e9s de su primera edici\u00f3n, Deconarq sigue demostrando que una feria especializada puede dejar algo m\u00e1s valioso que visitantes: relaciones que terminan convirti\u00e9ndose en inversi\u00f3n.<\/p>\n","protected":false},"excerpt":{"rendered":"<p>&nbsp; &nbsp; &nbsp; La construcci\u00f3n tambi\u00e9n tiene su propia manera de hacer turismo: llegan empresas, proveedores,&hellip;<\/p>\n","protected":false},"author":100,"featured_media":92754,"comment_status":"closed","ping_status":"closed","sticky":false,"template":"","format":"standard","meta":{"_acf_changed":false,"_lmt_disableupdate":"","_lmt_disable":"","_mbp_gutenberg_autopost":false,"footnotes":""},"categories":[38],"tags":[],"class_list":["post-92843","post","type-post","status-publish","format-standard","has-post-thumbnail","hentry","category-en-la-21-y-otras-latitudes"],"acf":[],"_links":{"self":[{"href":"https:\/\/l21.mx\/index.php?rest_route=\/wp\/v2\/posts\/92843","targetHints":{"allow":["GET"]}}],"collection":[{"href":"https:\/\/l21.mx\/index.php?rest_route=\/wp\/v2\/posts"}],"about":[{"href":"https:\/\/l21.mx\/index.php?rest_route=\/wp\/v2\/types\/post"}],"author":[{"embeddable":true,"href":"https:\/\/l21.mx\/index.php?rest_route=\/wp\/v2\/users\/100"}],"replies":[{"embeddable":true,"href":"https:\/\/l21.mx\/index.php?rest_route=%2Fwp%2Fv2%2Fcomments&post=92843"}],"version-history":[{"count":1,"href":"https:\/\/l21.mx\/index.php?rest_route=\/wp\/v2\/posts\/92843\/revisions"}],"predecessor-version":[{"id":92846,"href":"https:\/\/l21.mx\/index.php?rest_route=\/wp\/v2\/posts\/92843\/revisions\/92846"}],"wp:featuredmedia":[{"embeddable":true,"href":"https:\/\/l21.mx\/index.php?rest_route=\/wp\/v2\/media\/92754"}],"wp:attachment":[{"href":"https:\/\/l21.mx\/index.php?rest_route=%2Fwp%2Fv2%2Fmedia&parent=92843"}],"wp:term":[{"taxonomy":"category","embeddable":true,"href":"https:\/\/l21.mx\/index.php?rest_route=%2Fwp%2Fv2%2Fcategories&post=92843"},{"taxonomy":"post_tag","embeddable":true,"href":"https:\/\/l21.mx\/index.php?rest_route=%2Fwp%2Fv2%2Ftags&post=92843"}],"curies":[{"name":"wp","href":"https:\/\/api.w.org\/{rel}","templated":true}]}}