{"id":92847,"date":"2026-09-02T11:55:33","date_gmt":"2026-09-02T16:55:33","guid":{"rendered":"https:\/\/l21.mx\/?p=92847"},"modified":"2026-09-02T11:55:33","modified_gmt":"2026-09-02T16:55:33","slug":"ellas-marcan-el-rumbo","status":"publish","type":"post","link":"https:\/\/l21.mx\/?p=92847","title":{"rendered":"Ellas marcan el rumbo"},"content":{"rendered":"<p>&nbsp;<\/p>\n<p>&nbsp;<\/p>\n<p>Hay reuniones que hablan de turismo y otras que hablan de hacia d\u00f3nde va el turismo. El 8th Annual Female Leaders in Travel Conclave estuvo m\u00e1s cerca de las segundas.<\/p>\n<p>El encuentro reuni\u00f3 a 55 propietarias de agencias de viajes, ejecutivas y empresarias de Estados Unidos y Canad\u00e1 en El Dorado Royale, donde la conversaci\u00f3n gir\u00f3 alrededor de inteligencia artificial, nuevos modelos comerciales, liderazgo y alianzas.<\/p>\n<p>Tambi\u00e9n apareci\u00f3 un tema que gana terreno: c\u00f3mo ampliar la participaci\u00f3n de mujeres en posiciones de decisi\u00f3n. En ese escenario se present\u00f3 #SaveHer, un movimiento internacional basado en mentor\u00eda, desarrollo profesional y redes de apoyo.<\/p>\n<p>Dolores L\u00f3pez Lira, anfitriona de honor, comparti\u00f3 la experiencia de Grupo Lomas.<\/p>\n<p>Y entre conferencias y paneles hubo algo igualmente importante: las participantes conocieron de primera mano la hospitalidad y los atractivos del Caribe Mexicano. Porque para vender un destino, primero hay que vivirlo.<\/p>\n","protected":false},"excerpt":{"rendered":"<p>&nbsp; &nbsp; Hay reuniones que hablan de turismo y otras que hablan de hacia d\u00f3nde va&hellip;<\/p>\n","protected":false},"author":100,"featured_media":92757,"comment_status":"closed","ping_status":"closed","sticky":false,"template":"","format":"standard","meta":{"_acf_changed":false,"_lmt_disableupdate":"","_lmt_disable":"","_mbp_gutenberg_autopost":false,"footnotes":""},"categories":[38],"tags":[],"class_list":["post-92847","post","type-post","status-publish","format-standard","has-post-thumbnail","hentry","category-en-la-21-y-otras-latitudes"],"acf":[],"_links":{"self":[{"href":"https:\/\/l21.mx\/index.php?rest_route=\/wp\/v2\/posts\/92847","targetHints":{"allow":["GET"]}}],"collection":[{"href":"https:\/\/l21.mx\/index.php?rest_route=\/wp\/v2\/posts"}],"about":[{"href":"https:\/\/l21.mx\/index.php?rest_route=\/wp\/v2\/types\/post"}],"author":[{"embeddable":true,"href":"https:\/\/l21.mx\/index.php?rest_route=\/wp\/v2\/users\/100"}],"replies":[{"embeddable":true,"href":"https:\/\/l21.mx\/index.php?rest_route=%2Fwp%2Fv2%2Fcomments&post=92847"}],"version-history":[{"count":1,"href":"https:\/\/l21.mx\/index.php?rest_route=\/wp\/v2\/posts\/92847\/revisions"}],"predecessor-version":[{"id":92850,"href":"https:\/\/l21.mx\/index.php?rest_route=\/wp\/v2\/posts\/92847\/revisions\/92850"}],"wp:featuredmedia":[{"embeddable":true,"href":"https:\/\/l21.mx\/index.php?rest_route=\/wp\/v2\/media\/92757"}],"wp:attachment":[{"href":"https:\/\/l21.mx\/index.php?rest_route=%2Fwp%2Fv2%2Fmedia&parent=92847"}],"wp:term":[{"taxonomy":"category","embeddable":true,"href":"https:\/\/l21.mx\/index.php?rest_route=%2Fwp%2Fv2%2Fcategories&post=92847"},{"taxonomy":"post_tag","embeddable":true,"href":"https:\/\/l21.mx\/index.php?rest_route=%2Fwp%2Fv2%2Ftags&post=92847"}],"curies":[{"name":"wp","href":"https:\/\/api.w.org\/{rel}","templated":true}]}}