{"id":92851,"date":"2026-09-02T11:57:01","date_gmt":"2026-09-02T16:57:01","guid":{"rendered":"https:\/\/l21.mx\/?p=92851"},"modified":"2026-09-02T11:57:01","modified_gmt":"2026-09-02T16:57:01","slug":"del-aula-al-sector-turistico","status":"publish","type":"post","link":"https:\/\/l21.mx\/?p=92851","title":{"rendered":"Del aula al sector tur\u00edstico"},"content":{"rendered":"<p>&nbsp;<\/p>\n<p>\u00bfY si el mejor lugar para conocer una industria fuera antes de graduarse? La Universidad Tecnol\u00f3gica de Canc\u00fan y ACOTUR apostaron por esa idea al acercar a m\u00e1s de 3 mil 400 estudiantes a las empresas del sector vacacional.<\/p>\n<p>El convenio abri\u00f3 posibilidades de servicio profesional, bolsa de trabajo, encuentros con compa\u00f1\u00edas y capacitaci\u00f3n. Tambi\u00e9n contempl\u00f3 que la universidad pusiera a disposici\u00f3n del sector sus capacidades para desarrollar cursos, diplomados, investigaciones y proyectos especializados.<\/p>\n<p>No es un detalle menor: ACOTUR agrupa a m\u00e1s de 120 hoteles, unas 50 mil habitaciones y alrededor de 55 mil colaboradores.<\/p>\n<p>La apuesta, entonces, fue de doble v\u00eda. Los j\u00f3venes pudieron conocer mejor las opciones profesionales de una industria que necesita nuevo talento, mientras las empresas tuvieron una puerta m\u00e1s directa hacia las nuevas generaciones.<\/p>\n<p>A veces, la primera entrevista de trabajo empieza mucho antes de enviar el curr\u00edculum.<\/p>\n","protected":false},"excerpt":{"rendered":"<p>&nbsp; \u00bfY si el mejor lugar para conocer una industria fuera antes de graduarse? La Universidad&hellip;<\/p>\n","protected":false},"author":100,"featured_media":92755,"comment_status":"closed","ping_status":"closed","sticky":false,"template":"","format":"standard","meta":{"_acf_changed":false,"_lmt_disableupdate":"","_lmt_disable":"","_mbp_gutenberg_autopost":false,"footnotes":""},"categories":[38],"tags":[],"class_list":["post-92851","post","type-post","status-publish","format-standard","has-post-thumbnail","hentry","category-en-la-21-y-otras-latitudes"],"acf":[],"_links":{"self":[{"href":"https:\/\/l21.mx\/index.php?rest_route=\/wp\/v2\/posts\/92851","targetHints":{"allow":["GET"]}}],"collection":[{"href":"https:\/\/l21.mx\/index.php?rest_route=\/wp\/v2\/posts"}],"about":[{"href":"https:\/\/l21.mx\/index.php?rest_route=\/wp\/v2\/types\/post"}],"author":[{"embeddable":true,"href":"https:\/\/l21.mx\/index.php?rest_route=\/wp\/v2\/users\/100"}],"replies":[{"embeddable":true,"href":"https:\/\/l21.mx\/index.php?rest_route=%2Fwp%2Fv2%2Fcomments&post=92851"}],"version-history":[{"count":1,"href":"https:\/\/l21.mx\/index.php?rest_route=\/wp\/v2\/posts\/92851\/revisions"}],"predecessor-version":[{"id":92854,"href":"https:\/\/l21.mx\/index.php?rest_route=\/wp\/v2\/posts\/92851\/revisions\/92854"}],"wp:featuredmedia":[{"embeddable":true,"href":"https:\/\/l21.mx\/index.php?rest_route=\/wp\/v2\/media\/92755"}],"wp:attachment":[{"href":"https:\/\/l21.mx\/index.php?rest_route=%2Fwp%2Fv2%2Fmedia&parent=92851"}],"wp:term":[{"taxonomy":"category","embeddable":true,"href":"https:\/\/l21.mx\/index.php?rest_route=%2Fwp%2Fv2%2Fcategories&post=92851"},{"taxonomy":"post_tag","embeddable":true,"href":"https:\/\/l21.mx\/index.php?rest_route=%2Fwp%2Fv2%2Ftags&post=92851"}],"curies":[{"name":"wp","href":"https:\/\/api.w.org\/{rel}","templated":true}]}}