{"id":92855,"date":"2026-09-02T12:25:45","date_gmt":"2026-09-02T17:25:45","guid":{"rendered":"https:\/\/l21.mx\/?p=92855"},"modified":"2026-09-02T12:25:45","modified_gmt":"2026-09-02T17:25:45","slug":"sabores-que-cuentan-historias","status":"publish","type":"post","link":"https:\/\/l21.mx\/?p=92855","title":{"rendered":"Sabores que cuentan historias"},"content":{"rendered":"<p>&nbsp;<\/p>\n<p>&nbsp;<\/p>\n<p>&nbsp;<\/p>\n<p>\u00bfSe puede conocer Quintana Roo sin probarlo? \u201cBocados de Mar y Tierra\u201d parece tener clara la respuesta: dif\u00edcilmente.<\/p>\n<p>La gu\u00eda gastron\u00f3mica recorri\u00f3 los 12 destinos del estado a trav\u00e9s de platillos, ingredientes y saberes que forman parte de su identidad. Entre sus protagonistas aparecen el tok seel, el tikin xic, los camarones al coco, el rice and beans, los tacos de pulpo con castac\u00e1n y un curioso ceviche cantinero con queso de bola.<\/p>\n<p>La gobernadora Mara Lezama acompa\u00f1\u00f3 la presentaci\u00f3n de la publicaci\u00f3n y destac\u00f3 el papel de la gastronom\u00eda como parte de la experiencia tur\u00edstica, pero tambi\u00e9n como una v\u00eda para fortalecer a productores y comunidades locales.<\/p>\n<p>Porque la gu\u00eda quiso contar algo m\u00e1s que recetas. Detr\u00e1s de cada preparaci\u00f3n aparecen cocineras y cocineros tradicionales, pescadores, productores, artesanas y familias que mantienen vivas t\u00e9cnicas y conocimientos.<\/p>\n<p>La iniciativa, en la que participaron organismos tur\u00edsticos y gastron\u00f3micos, plante\u00f3 una manera distinta de descubrir el Caribe Mexicano.<\/p>\n<p>Porque una playa puede atraer al viajero; un sabor, en cambio, puede contarle de d\u00f3nde viene el lugar que est\u00e1 visitando.<\/p>\n<p>&nbsp;<\/p>\n","protected":false},"excerpt":{"rendered":"<p>&nbsp; &nbsp; &nbsp; \u00bfSe puede conocer Quintana Roo sin probarlo? \u201cBocados de Mar y Tierra\u201d parece&hellip;<\/p>\n","protected":false},"author":100,"featured_media":92753,"comment_status":"closed","ping_status":"closed","sticky":false,"template":"","format":"standard","meta":{"_acf_changed":false,"_lmt_disableupdate":"","_lmt_disable":"","_mbp_gutenberg_autopost":false,"footnotes":""},"categories":[38],"tags":[],"class_list":["post-92855","post","type-post","status-publish","format-standard","has-post-thumbnail","hentry","category-en-la-21-y-otras-latitudes"],"acf":[],"_links":{"self":[{"href":"https:\/\/l21.mx\/index.php?rest_route=\/wp\/v2\/posts\/92855","targetHints":{"allow":["GET"]}}],"collection":[{"href":"https:\/\/l21.mx\/index.php?rest_route=\/wp\/v2\/posts"}],"about":[{"href":"https:\/\/l21.mx\/index.php?rest_route=\/wp\/v2\/types\/post"}],"author":[{"embeddable":true,"href":"https:\/\/l21.mx\/index.php?rest_route=\/wp\/v2\/users\/100"}],"replies":[{"embeddable":true,"href":"https:\/\/l21.mx\/index.php?rest_route=%2Fwp%2Fv2%2Fcomments&post=92855"}],"version-history":[{"count":1,"href":"https:\/\/l21.mx\/index.php?rest_route=\/wp\/v2\/posts\/92855\/revisions"}],"predecessor-version":[{"id":92858,"href":"https:\/\/l21.mx\/index.php?rest_route=\/wp\/v2\/posts\/92855\/revisions\/92858"}],"wp:featuredmedia":[{"embeddable":true,"href":"https:\/\/l21.mx\/index.php?rest_route=\/wp\/v2\/media\/92753"}],"wp:attachment":[{"href":"https:\/\/l21.mx\/index.php?rest_route=%2Fwp%2Fv2%2Fmedia&parent=92855"}],"wp:term":[{"taxonomy":"category","embeddable":true,"href":"https:\/\/l21.mx\/index.php?rest_route=%2Fwp%2Fv2%2Fcategories&post=92855"},{"taxonomy":"post_tag","embeddable":true,"href":"https:\/\/l21.mx\/index.php?rest_route=%2Fwp%2Fv2%2Ftags&post=92855"}],"curies":[{"name":"wp","href":"https:\/\/api.w.org\/{rel}","templated":true}]}}