{"id":92909,"date":"2026-09-03T09:27:24","date_gmt":"2026-09-03T14:27:24","guid":{"rendered":"https:\/\/l21.mx\/?p=92909"},"modified":"2026-09-03T10:11:35","modified_gmt":"2026-09-03T15:11:35","slug":"nueva-mesa-al-turismo","status":"publish","type":"post","link":"https:\/\/l21.mx\/?p=92909","title":{"rendered":"Nueva mesa al turismo"},"content":{"rendered":"<p>&nbsp;<\/p>\n<p><b>La C\u00e1mara Espa\u00f1ola de Comercio en M\u00e9xico formaliza en Canc\u00fan un espacio de interlocuci\u00f3n que re\u00fane a empresarios, autoridades e inversionistas para atender los desaf\u00edos del Caribe Mexicano<\/b><\/p>\n<p><b>L<\/b>a relaci\u00f3n empresarial entre Espa\u00f1a y M\u00e9xico encontr\u00f3 en Canc\u00fan un nuevo espacio de interlocuci\u00f3n. La C\u00e1mara Espa\u00f1ola de Comercio en M\u00e9xico (CAMESCOM) formaliz\u00f3 la instalaci\u00f3n de su Comisi\u00f3n de Turismo, un \u00f3rgano que busca pasar del encuentro empresarial a la generaci\u00f3n de alianzas, inversiones y soluciones para una de las industrias estrat\u00e9gicas del pa\u00eds.<\/p>\n<p>La presentaci\u00f3n estuvo encabezada por \u00d3scar Garc\u00eda Zato, presidente del organismo; Regina Lambert, directora de la Delegaci\u00f3n Sureste; Jean Agarrista, vicepresidente y fundador de la delegaci\u00f3n en Quintana Roo, y Marc Miralles Pons, gerente de Comunicaci\u00f3n y Relaciones Institucionales de RIU Hotels &amp; Resorts para M\u00e9xico y Am\u00e9rica Latina, quien asumi\u00f3 la presidencia de la nueva comisi\u00f3n.<\/p>\n<p>El acto reuni\u00f3 a representantes del sector p\u00fablico y privado, entre ellos Bernardo Cueto Riestra, secretario de Turismo de Quintana Roo; Juan Pablo de Zulueta Razo, secretario de Turismo de Canc\u00fan; Mar\u00eda Pe\u00f1a Mateos, consejera Econ\u00f3mica y Comercial de la Embajada de Espa\u00f1a en M\u00e9xico; as\u00ed como Rodrigo de la Pe\u00f1a, Toni Chaves y Marissa Seti\u00e9n Morales, l\u00edderes de las asociaciones hoteleras de Canc\u00fan, Puerto Morelos e Isla Mujeres; Riviera Maya y Costa Mujeres, respectivamente.<\/p>\n<div data-sliderid=\"44919\" id=\"penci-post-gallery__44919\" class=\"penci-post-gallery-container justified column-3\" data-height=\"150\" data-margin=\"3\"><a class=\"penci-gallery-ite item-gallery-justified\" href=\"https:\/\/l21.mx\/wp-content\/uploads\/2026\/09\/Foro-camara-de-comercio-espanola-15.jpg\" data-rel=\"penci-gallery-image-content\" ><img decoding=\"async\" src=\"https:\/\/l21.mx\/wp-content\/uploads\/2026\/09\/Foro-camara-de-comercio-espanola-15-585x780.jpg\" alt=\"\" title=\"Foro-camara-de-comercio-espa\u00f1ola-(15)\"><\/a><a class=\"penci-gallery-ite item-gallery-justified\" href=\"https:\/\/l21.mx\/wp-content\/uploads\/2026\/09\/Foro-camara-de-comercio-espanola-30.jpg\" data-rel=\"penci-gallery-image-content\" ><img decoding=\"async\" src=\"https:\/\/l21.mx\/wp-content\/uploads\/2026\/09\/Foro-camara-de-comercio-espanola-30-585x439.jpg\" alt=\"\" title=\"Foro-camara-de-comercio-espa\u00f1ola-(30)\"><\/a><a class=\"penci-gallery-ite item-gallery-justified\" href=\"https:\/\/l21.mx\/wp-content\/uploads\/2026\/09\/Foro-camara-de-comercio-espanola-42.jpg\" data-rel=\"penci-gallery-image-content\" ><img decoding=\"async\" src=\"https:\/\/l21.mx\/wp-content\/uploads\/2026\/09\/Foro-camara-de-comercio-espanola-42-585x439.jpg\" alt=\"\" title=\"Foro-camara-de-comercio-espa\u00f1ola-(42)\"><\/a><a class=\"penci-gallery-ite item-gallery-justified\" href=\"https:\/\/l21.mx\/wp-content\/uploads\/2026\/09\/Foro-camara-de-comercio-espanola-55.jpg\" data-rel=\"penci-gallery-image-content\" ><img decoding=\"async\" src=\"https:\/\/l21.mx\/wp-content\/uploads\/2026\/09\/Foro-camara-de-comercio-espanola-55-585x439.jpg\" alt=\"\" title=\"Foro-camara-de-comercio-espa\u00f1ola-(55)\"><\/a><a class=\"penci-gallery-ite item-gallery-justified\" href=\"https:\/\/l21.mx\/wp-content\/uploads\/2026\/09\/Foro-camara-de-comercio-espanola-7.jpg\" data-rel=\"penci-gallery-image-content\" ><img decoding=\"async\" src=\"https:\/\/l21.mx\/wp-content\/uploads\/2026\/09\/Foro-camara-de-comercio-espanola-7-585x439.jpg\" alt=\"\" title=\"Foro-camara-de-comercio-espa\u00f1ola-(7)\"><\/a><a class=\"penci-gallery-ite item-gallery-justified\" href=\"https:\/\/l21.mx\/wp-content\/uploads\/2026\/09\/Oscar-Garcia-Zato-pte-camara-espanola-4.jpg\" data-rel=\"penci-gallery-image-content\" ><img decoding=\"async\" src=\"https:\/\/l21.mx\/wp-content\/uploads\/2026\/09\/Oscar-Garcia-Zato-pte-camara-espanola-4-585x780.jpg\" alt=\"\" title=\"Oscar-Garcia-Zato-pte-camara-espa\u00f1ola-(4)\"><\/a><\/div>\n<p style=\"text-align: center;\"><strong>Compromiso<\/strong><\/p>\n<p>Durante su intervenci\u00f3n, \u00d3scar Garc\u00eda Zato destac\u00f3 que la instalaci\u00f3n de la Comisi\u00f3n representa un nuevo paso en el compromiso de CAMESCOM con uno de los sectores estrat\u00e9gicos para M\u00e9xico y para la relaci\u00f3n empresarial entre ambos pa\u00edses. Y eligi\u00f3 Quintana Roo como escenario por su dimensi\u00f3n dentro de la industria tur\u00edstica nacional e internacional.<\/p>\n<p>Plante\u00f3 que hablar del Caribe Mexicano implica hablar no solo de turismo, sino tambi\u00e9n de inversi\u00f3n, empleo, infraestructura, innovaci\u00f3n, sostenibilidad y desarrollo econ\u00f3mico y social. Destac\u00f3 la trayectoria de las empresas espa\u00f1olas que durante d\u00e9cadas han invertido en M\u00e9xico, generado empleo y contribuido a consolidar una oferta tur\u00edstica reconocida internacionalmente.<\/p>\n<p><span class=\"Apple-converted-space\">\u00a0<\/span><\/p>\n<blockquote><p>Queremos que esta comisi\u00f3n sea mucho m\u00e1s que un espacio de encuentro. Queremos que sea un instrumento permanente de di\u00e1logo, an\u00e1lisis y propuestas entre empresas, asociaciones, expertos y administraciones p\u00fablicas\u201d.<\/p>\n<p><b>\u00d3scar Garc\u00eda Zato<\/b><\/p>\n<p>Presidente de la C\u00e1mara Espa\u00f1ola de Comercio en M\u00e9xico<\/p><\/blockquote>\n<p>Para Garc\u00eda Zato, la competitividad de un destino como el Caribe Mexicano depende de factores como la conectividad, las infraestructuras, la calidad de los servicios, el talento, la innovaci\u00f3n, la sostenibilidad y las condiciones para continuar atrayendo inversi\u00f3n. Pero existe un elemento transversal: la capacidad de trabajar de manera conjunta entre el sector p\u00fablico y el privado.<\/p>\n<p>En ese sentido, defini\u00f3 la funci\u00f3n de la C\u00e1mara como la construcci\u00f3n de puentes entre la inversi\u00f3n y las oportunidades, as\u00ed como entre las empresas y las administraciones. Tambi\u00e9n expres\u00f3 el respaldo de la presidencia y del Consejo de CAMESCOM a Marc Miralles para convertir la nueva comisi\u00f3n en un espacio \u00fatil, din\u00e1mico y con capacidad de propuesta.<\/p>\n<p>En tanto, Mar\u00eda Pe\u00f1a Mateos, consejera Econ\u00f3mica y Comercial de la Embajada de Espa\u00f1a en M\u00e9xico, destac\u00f3 el peso de la relaci\u00f3n bilateral y felicit\u00f3 la creaci\u00f3n de la nueva comisi\u00f3n. El detalle de las inversiones espa\u00f1olas y su evoluci\u00f3n en M\u00e9xico formar\u00e1 parte de un an\u00e1lisis posterior.<\/p>\n<p style=\"text-align: center;\"><strong>Plataforma con<span class=\"Apple-converted-space\">\u00a0<\/span>alcance nacional<\/strong><\/p>\n<p>Aunque Quintana Roo fue elegido como punto de partida, la nueva comisi\u00f3n plantea una agenda de alcance nacional. De acuerdo con Marc Miralles, la C\u00e1mara tiene presencia en distintas regiones y la intenci\u00f3n es llevar la representaci\u00f3n del sector tur\u00edstico espa\u00f1ol a otros mercados relevantes, entre ellos Nayarit, Baja California Sur, Sinaloa y Jalisco.<\/p>\n<p>La Comisi\u00f3n de Turismo se integra a una estructura empresarial que cuenta con m\u00e1s de 640 socios, m\u00e1s de 135 a\u00f1os de historia y una agenda superior a 150 actividades anuales entre foros, encuentros empresariales, networking, misiones comerciales y proyectos de internacionalizaci\u00f3n.<\/p>\n<p>Ese alcance permite que el nuevo \u00f3rgano pueda apoyarse tambi\u00e9n en otras comisiones de CAMESCOM, particularmente las relacionadas con infraestructura, energ\u00eda y sostenibilidad, para abordar asuntos que inciden directamente en la actividad tur\u00edstica.<\/p>\n<p>La instalaci\u00f3n estuvo acompa\u00f1ada por un foro estrat\u00e9gico con dos paneles de an\u00e1lisis, en los que se abordaron algunos de los principales retos del turismo en Quintana Roo, entre ellos el sargazo, la regulaci\u00f3n de las plataformas digitales de alojamiento, la conectividad, la inversi\u00f3n y las condiciones necesarias para preservar la competitividad del Caribe Mexicano. <span class=\"Apple-converted-space\">\u00a0<\/span><\/p>\n<p>&nbsp;<\/p>\n<p style=\"text-align: center;\"><strong>Marc Miralles: del di\u00e1logo al negocio<\/strong><\/p>\n<p>Para Marc Miralles, presidente de la reci\u00e9n instalada Comisi\u00f3n de Turismo, el reto es que la interlocuci\u00f3n, el networking y el intercambio de conocimiento se traduzcan en resultados empresariales concretos.<\/p>\n<p><a href=\"https:\/\/l21.mx\/wp-content\/uploads\/2026\/09\/Marc-Miralles-3.jpg\" data-rel=\"penci-gallery-image-content\" ><img fetchpriority=\"high\" decoding=\"async\" class=\"aligncenter size-full wp-image-92912\" src=\"https:\/\/l21.mx\/wp-content\/uploads\/2026\/09\/Marc-Miralles-3.jpg\" alt=\"\" width=\"1500\" height=\"2000\" srcset=\"https:\/\/l21.mx\/wp-content\/uploads\/2026\/09\/Marc-Miralles-3.jpg 1500w, https:\/\/l21.mx\/wp-content\/uploads\/2026\/09\/Marc-Miralles-3-225x300.jpg 225w, https:\/\/l21.mx\/wp-content\/uploads\/2026\/09\/Marc-Miralles-3-768x1024.jpg 768w, https:\/\/l21.mx\/wp-content\/uploads\/2026\/09\/Marc-Miralles-3-1152x1536.jpg 1152w, https:\/\/l21.mx\/wp-content\/uploads\/2026\/09\/Marc-Miralles-3-1170x1560.jpg 1170w, https:\/\/l21.mx\/wp-content\/uploads\/2026\/09\/Marc-Miralles-3-585x780.jpg 585w\" sizes=\"(max-width: 1500px) 100vw, 1500px\" \/><\/a><\/p>\n<p>La comisi\u00f3n naci\u00f3 para dar voz y representaci\u00f3n a los inversionistas espa\u00f1oles del sector tur\u00edstico en M\u00e9xico. Quintana Roo es el punto de partida por su relevancia en la industria, con la intenci\u00f3n de ampliar gradualmente el trabajo hacia otros estados y fortalecer la interlocuci\u00f3n con los distintos niveles de gobierno.<\/p>\n<p>Su propuesta se articula en cuatro pilares: representar, conectar, compartir y generar oportunidades, mediante alianzas entre socios, autoridades y empresas, as\u00ed como proyectos de inversi\u00f3n, proveedur\u00eda, innovaci\u00f3n y crecimiento comercial.<\/p>\n<p>A ello se suman l\u00edneas de acci\u00f3n en transformaci\u00f3n digital, inteligencia artificial, gesti\u00f3n operativa e indicadores de inversi\u00f3n, adem\u00e1s de una mayor promoci\u00f3n internacional de las empresas espa\u00f1olas y los destinos mexicanos donde tienen presencia.<\/p>\n<p>El prop\u00f3sito, resumi\u00f3 Miralles, es que el networking se traduzca en negocio, oportunidades y conexiones, una visi\u00f3n particularmente relevante en Quintana Roo, donde la presencia espa\u00f1ola en hoteler\u00eda y los desaf\u00edos del turismo demandan mayor coordinaci\u00f3n entre empresas y autoridades.<\/p>\n","protected":false},"excerpt":{"rendered":"<p>&nbsp; La C\u00e1mara Espa\u00f1ola de Comercio en M\u00e9xico formaliza en Canc\u00fan un espacio de interlocuci\u00f3n que&hellip;<\/p>\n","protected":false},"author":95,"featured_media":92915,"comment_status":"closed","ping_status":"closed","sticky":false,"template":"","format":"standard","meta":{"_acf_changed":false,"_lmt_disableupdate":"no","_lmt_disable":"","_mbp_gutenberg_autopost":false,"footnotes":""},"categories":[4,23],"tags":[],"class_list":["post-92909","post","type-post","status-publish","format-standard","has-post-thumbnail","hentry","category-empresas-y-negocios","category-noticias"],"acf":[],"_links":{"self":[{"href":"https:\/\/l21.mx\/index.php?rest_route=\/wp\/v2\/posts\/92909","targetHints":{"allow":["GET"]}}],"collection":[{"href":"https:\/\/l21.mx\/index.php?rest_route=\/wp\/v2\/posts"}],"about":[{"href":"https:\/\/l21.mx\/index.php?rest_route=\/wp\/v2\/types\/post"}],"author":[{"embeddable":true,"href":"https:\/\/l21.mx\/index.php?rest_route=\/wp\/v2\/users\/95"}],"replies":[{"embeddable":true,"href":"https:\/\/l21.mx\/index.php?rest_route=%2Fwp%2Fv2%2Fcomments&post=92909"}],"version-history":[{"count":1,"href":"https:\/\/l21.mx\/index.php?rest_route=\/wp\/v2\/posts\/92909\/revisions"}],"predecessor-version":[{"id":92923,"href":"https:\/\/l21.mx\/index.php?rest_route=\/wp\/v2\/posts\/92909\/revisions\/92923"}],"wp:featuredmedia":[{"embeddable":true,"href":"https:\/\/l21.mx\/index.php?rest_route=\/wp\/v2\/media\/92915"}],"wp:attachment":[{"href":"https:\/\/l21.mx\/index.php?rest_route=%2Fwp%2Fv2%2Fmedia&parent=92909"}],"wp:term":[{"taxonomy":"category","embeddable":true,"href":"https:\/\/l21.mx\/index.php?rest_route=%2Fwp%2Fv2%2Fcategories&post=92909"},{"taxonomy":"post_tag","embeddable":true,"href":"https:\/\/l21.mx\/index.php?rest_route=%2Fwp%2Fv2%2Ftags&post=92909"}],"curies":[{"name":"wp","href":"https:\/\/api.w.org\/{rel}","templated":true}]}}