{"id":92997,"date":"2026-09-03T17:44:48","date_gmt":"2026-09-03T22:44:48","guid":{"rendered":"https:\/\/l21.mx\/?p=92997"},"modified":"2026-09-03T17:44:48","modified_gmt":"2026-09-03T22:44:48","slug":"24-al-27-de-septiembre-feria-xcaret-de-arte-popular","status":"publish","type":"post","link":"https:\/\/l21.mx\/?p=92997","title":{"rendered":"24 al 27 de septiembre\u2022\u00a0Feria Xcaret de Arte Popular"},"content":{"rendered":"<p>&nbsp;<\/p>\n<p><b>La tercera Feria Xcaret de Arte Popular Mexicano reunir\u00e1 en la Hacienda Henequenera de Parque Xcaret a m\u00e1s de 150 maestras y maestros artesanos de distintas regiones del pa\u00eds. El encuentro busca preservar t\u00e9cnicas y saberes tradicionales, al tiempo que impulsa la comercializaci\u00f3n directa y el comercio justo. Durante cuatro d\u00edas habr\u00e1 venta de piezas, demostraciones, pasarelas, ponencias, concursos y actividades culturales. La edici\u00f3n anterior gener\u00f3 23.3 millones de pesos en ventas y reuni\u00f3 a participantes de 22 estados.<\/b><\/p>\n<p><a href=\"https:\/\/l21.mx\/wp-content\/uploads\/2026\/09\/Feria-Xcaret-de-Arte-Popular-3.jpg\" data-rel=\"penci-gallery-image-content\" ><img fetchpriority=\"high\" decoding=\"async\" class=\"aligncenter size-full wp-image-93001\" src=\"https:\/\/l21.mx\/wp-content\/uploads\/2026\/09\/Feria-Xcaret-de-Arte-Popular-3.jpg\" alt=\"\" width=\"1500\" height=\"1020\" srcset=\"https:\/\/l21.mx\/wp-content\/uploads\/2026\/09\/Feria-Xcaret-de-Arte-Popular-3.jpg 1500w, https:\/\/l21.mx\/wp-content\/uploads\/2026\/09\/Feria-Xcaret-de-Arte-Popular-3-300x204.jpg 300w, https:\/\/l21.mx\/wp-content\/uploads\/2026\/09\/Feria-Xcaret-de-Arte-Popular-3-1024x696.jpg 1024w, https:\/\/l21.mx\/wp-content\/uploads\/2026\/09\/Feria-Xcaret-de-Arte-Popular-3-768x522.jpg 768w, https:\/\/l21.mx\/wp-content\/uploads\/2026\/09\/Feria-Xcaret-de-Arte-Popular-3-1170x796.jpg 1170w, https:\/\/l21.mx\/wp-content\/uploads\/2026\/09\/Feria-Xcaret-de-Arte-Popular-3-585x398.jpg 585w\" sizes=\"(max-width: 1500px) 100vw, 1500px\" \/><\/a><\/p>\n","protected":false},"excerpt":{"rendered":"<p>&nbsp; La tercera Feria Xcaret de Arte Popular Mexicano reunir\u00e1 en la Hacienda Henequenera de Parque&hellip;<\/p>\n","protected":false},"author":95,"featured_media":93002,"comment_status":"closed","ping_status":"closed","sticky":false,"template":"","format":"standard","meta":{"_acf_changed":false,"_lmt_disableupdate":"","_lmt_disable":"","_mbp_gutenberg_autopost":false,"footnotes":""},"categories":[476],"tags":[],"class_list":["post-92997","post","type-post","status-publish","format-standard","has-post-thumbnail","hentry","category-agenda"],"acf":[],"_links":{"self":[{"href":"https:\/\/l21.mx\/index.php?rest_route=\/wp\/v2\/posts\/92997","targetHints":{"allow":["GET"]}}],"collection":[{"href":"https:\/\/l21.mx\/index.php?rest_route=\/wp\/v2\/posts"}],"about":[{"href":"https:\/\/l21.mx\/index.php?rest_route=\/wp\/v2\/types\/post"}],"author":[{"embeddable":true,"href":"https:\/\/l21.mx\/index.php?rest_route=\/wp\/v2\/users\/95"}],"replies":[{"embeddable":true,"href":"https:\/\/l21.mx\/index.php?rest_route=%2Fwp%2Fv2%2Fcomments&post=92997"}],"version-history":[{"count":1,"href":"https:\/\/l21.mx\/index.php?rest_route=\/wp\/v2\/posts\/92997\/revisions"}],"predecessor-version":[{"id":93009,"href":"https:\/\/l21.mx\/index.php?rest_route=\/wp\/v2\/posts\/92997\/revisions\/93009"}],"wp:featuredmedia":[{"embeddable":true,"href":"https:\/\/l21.mx\/index.php?rest_route=\/wp\/v2\/media\/93002"}],"wp:attachment":[{"href":"https:\/\/l21.mx\/index.php?rest_route=%2Fwp%2Fv2%2Fmedia&parent=92997"}],"wp:term":[{"taxonomy":"category","embeddable":true,"href":"https:\/\/l21.mx\/index.php?rest_route=%2Fwp%2Fv2%2Fcategories&post=92997"},{"taxonomy":"post_tag","embeddable":true,"href":"https:\/\/l21.mx\/index.php?rest_route=%2Fwp%2Fv2%2Ftags&post=92997"}],"curies":[{"name":"wp","href":"https:\/\/api.w.org\/{rel}","templated":true}]}}