{"id":93010,"date":"2026-09-03T17:45:40","date_gmt":"2026-09-03T22:45:40","guid":{"rendered":"https:\/\/l21.mx\/?p=93010"},"modified":"2026-09-03T17:46:47","modified_gmt":"2026-09-03T22:46:47","slug":"21-al-25-de-septiembre-congreso-de-guias-de-turistas","status":"publish","type":"post","link":"https:\/\/l21.mx\/?p=93010","title":{"rendered":"21 al 25 de septiembre \u2022 Congreso de gu\u00edas de\u00a0turistas"},"content":{"rendered":"<p>&nbsp;<\/p>\n<p>&nbsp;<\/p>\n<p><b>Ixtapa Zihuatanejo ser\u00e1 sede del XVII Congreso Nacional e Iberoamericano de Gu\u00edas de Turistas, un encuentro dedicado a la profesionalizaci\u00f3n y actualizaci\u00f3n de quienes participan en uno de los principales puntos de contacto entre los destinos y sus visitantes. Durante cinco d\u00edas, profesionales de M\u00e9xico e Iberoam\u00e9rica compartir\u00e1n experiencias, conocimientos y herramientas para fortalecer la actividad. Formaci\u00f3n, innovaci\u00f3n y networking ser\u00e1n algunos de los ejes de una agenda que busca elevar la calidad de la guianza y ampliar las oportunidades de colaboraci\u00f3n dentro del sector tur\u00edstico.<\/b><\/p>\n","protected":false},"excerpt":{"rendered":"<p>&nbsp; &nbsp; Ixtapa Zihuatanejo ser\u00e1 sede del XVII Congreso Nacional e Iberoamericano de Gu\u00edas de Turistas,&hellip;<\/p>\n","protected":false},"author":95,"featured_media":93004,"comment_status":"closed","ping_status":"closed","sticky":false,"template":"","format":"standard","meta":{"_acf_changed":false,"_lmt_disableupdate":"no","_lmt_disable":"","_mbp_gutenberg_autopost":false,"footnotes":""},"categories":[476],"tags":[],"class_list":["post-93010","post","type-post","status-publish","format-standard","has-post-thumbnail","hentry","category-agenda"],"acf":[],"_links":{"self":[{"href":"https:\/\/l21.mx\/index.php?rest_route=\/wp\/v2\/posts\/93010","targetHints":{"allow":["GET"]}}],"collection":[{"href":"https:\/\/l21.mx\/index.php?rest_route=\/wp\/v2\/posts"}],"about":[{"href":"https:\/\/l21.mx\/index.php?rest_route=\/wp\/v2\/types\/post"}],"author":[{"embeddable":true,"href":"https:\/\/l21.mx\/index.php?rest_route=\/wp\/v2\/users\/95"}],"replies":[{"embeddable":true,"href":"https:\/\/l21.mx\/index.php?rest_route=%2Fwp%2Fv2%2Fcomments&post=93010"}],"version-history":[{"count":1,"href":"https:\/\/l21.mx\/index.php?rest_route=\/wp\/v2\/posts\/93010\/revisions"}],"predecessor-version":[{"id":93013,"href":"https:\/\/l21.mx\/index.php?rest_route=\/wp\/v2\/posts\/93010\/revisions\/93013"}],"wp:featuredmedia":[{"embeddable":true,"href":"https:\/\/l21.mx\/index.php?rest_route=\/wp\/v2\/media\/93004"}],"wp:attachment":[{"href":"https:\/\/l21.mx\/index.php?rest_route=%2Fwp%2Fv2%2Fmedia&parent=93010"}],"wp:term":[{"taxonomy":"category","embeddable":true,"href":"https:\/\/l21.mx\/index.php?rest_route=%2Fwp%2Fv2%2Fcategories&post=93010"},{"taxonomy":"post_tag","embeddable":true,"href":"https:\/\/l21.mx\/index.php?rest_route=%2Fwp%2Fv2%2Ftags&post=93010"}],"curies":[{"name":"wp","href":"https:\/\/api.w.org\/{rel}","templated":true}]}}