{"id":93018,"date":"2026-09-03T17:49:19","date_gmt":"2026-09-03T22:49:19","guid":{"rendered":"https:\/\/l21.mx\/?p=93018"},"modified":"2026-09-03T17:49:19","modified_gmt":"2026-09-03T22:49:19","slug":"18-al-23-de-septiembre-apapaxoa","status":"publish","type":"post","link":"https:\/\/l21.mx\/?p=93018","title":{"rendered":"18 al 23 de septiembre \u2022 Apapaxoa\u00a0"},"content":{"rendered":"<p>&nbsp;<\/p>\n<p>&nbsp;<\/p>\n<p><b>Hotel Xcaret Arte ser\u00e1 la sede principal de la tercera edici\u00f3n de Apapaxoa Festival GastroCultural Xcaret, que durante seis d\u00edas reunir\u00e1 propuestas gastron\u00f3micas de M\u00e9xico y otros pa\u00edses. La programaci\u00f3n combinar\u00e1 cocina, enolog\u00eda y mixolog\u00eda con arte, m\u00fasica, moda, bienestar, sostenibilidad y tecnolog\u00eda, adem\u00e1s de una feria de libros. Con actividades tambi\u00e9n en Hotel Xcaret M\u00e9xico, La Casa de la Playa y algunos parques, el encuentro plantea a la gastronom\u00eda como punto de partida para explorar identidad, territorio, creatividad y cultura.<\/b><\/p>\n","protected":false},"excerpt":{"rendered":"<p>&nbsp; &nbsp; Hotel Xcaret Arte ser\u00e1 la sede principal de la tercera edici\u00f3n de Apapaxoa Festival&hellip;<\/p>\n","protected":false},"author":95,"featured_media":93006,"comment_status":"closed","ping_status":"closed","sticky":false,"template":"","format":"standard","meta":{"_acf_changed":false,"_lmt_disableupdate":"","_lmt_disable":"","_mbp_gutenberg_autopost":false,"footnotes":""},"categories":[476],"tags":[],"class_list":["post-93018","post","type-post","status-publish","format-standard","has-post-thumbnail","hentry","category-agenda"],"acf":[],"_links":{"self":[{"href":"https:\/\/l21.mx\/index.php?rest_route=\/wp\/v2\/posts\/93018","targetHints":{"allow":["GET"]}}],"collection":[{"href":"https:\/\/l21.mx\/index.php?rest_route=\/wp\/v2\/posts"}],"about":[{"href":"https:\/\/l21.mx\/index.php?rest_route=\/wp\/v2\/types\/post"}],"author":[{"embeddable":true,"href":"https:\/\/l21.mx\/index.php?rest_route=\/wp\/v2\/users\/95"}],"replies":[{"embeddable":true,"href":"https:\/\/l21.mx\/index.php?rest_route=%2Fwp%2Fv2%2Fcomments&post=93018"}],"version-history":[{"count":1,"href":"https:\/\/l21.mx\/index.php?rest_route=\/wp\/v2\/posts\/93018\/revisions"}],"predecessor-version":[{"id":93021,"href":"https:\/\/l21.mx\/index.php?rest_route=\/wp\/v2\/posts\/93018\/revisions\/93021"}],"wp:featuredmedia":[{"embeddable":true,"href":"https:\/\/l21.mx\/index.php?rest_route=\/wp\/v2\/media\/93006"}],"wp:attachment":[{"href":"https:\/\/l21.mx\/index.php?rest_route=%2Fwp%2Fv2%2Fmedia&parent=93018"}],"wp:term":[{"taxonomy":"category","embeddable":true,"href":"https:\/\/l21.mx\/index.php?rest_route=%2Fwp%2Fv2%2Fcategories&post=93018"},{"taxonomy":"post_tag","embeddable":true,"href":"https:\/\/l21.mx\/index.php?rest_route=%2Fwp%2Fv2%2Ftags&post=93018"}],"curies":[{"name":"wp","href":"https:\/\/api.w.org\/{rel}","templated":true}]}}