{"id":93027,"date":"2026-09-03T17:52:14","date_gmt":"2026-09-03T22:52:14","guid":{"rendered":"https:\/\/l21.mx\/?p=93027"},"modified":"2026-09-03T17:52:14","modified_gmt":"2026-09-03T22:52:14","slug":"6-de-septiembre-todo-mexico-salvando-vidas","status":"publish","type":"post","link":"https:\/\/l21.mx\/?p=93027","title":{"rendered":"6 de septiembre \u2022 Todo M\u00e9xico\u00a0salvando vidas"},"content":{"rendered":"<p>&nbsp;<\/p>\n<p>&nbsp;<\/p>\n<p><b>La s\u00e9ptima edici\u00f3n de la carrera \u201cTodo M\u00e9xico Salvando Vidas\u201d llegar\u00e1 a Parque Canc\u00fan como parte de una movilizaci\u00f3n simult\u00e1nea en los 32 estados del pa\u00eds. La jornada contempla una carrera de 5 kil\u00f3metros y una caminata familiar de 2.5 kil\u00f3metros, abiertas a corredores y participantes de todas las edades. Adem\u00e1s de promover la actividad f\u00edsica, el evento tiene un prop\u00f3sito solidario: los recursos recaudados contribuir\u00e1n a sostener los servicios humanitarios de Cruz Roja, incluidos sus m\u00e1s de 10 mil servicios gratuitos de ambulancia al a\u00f1o en Quintana Roo.<\/b><\/p>\n","protected":false},"excerpt":{"rendered":"<p>&nbsp; &nbsp; La s\u00e9ptima edici\u00f3n de la carrera \u201cTodo M\u00e9xico Salvando Vidas\u201d llegar\u00e1 a Parque Canc\u00fan&hellip;<\/p>\n","protected":false},"author":95,"featured_media":92998,"comment_status":"closed","ping_status":"closed","sticky":false,"template":"","format":"standard","meta":{"_acf_changed":false,"_lmt_disableupdate":"","_lmt_disable":"","_mbp_gutenberg_autopost":false,"footnotes":""},"categories":[476],"tags":[],"class_list":["post-93027","post","type-post","status-publish","format-standard","has-post-thumbnail","hentry","category-agenda"],"acf":[],"_links":{"self":[{"href":"https:\/\/l21.mx\/index.php?rest_route=\/wp\/v2\/posts\/93027","targetHints":{"allow":["GET"]}}],"collection":[{"href":"https:\/\/l21.mx\/index.php?rest_route=\/wp\/v2\/posts"}],"about":[{"href":"https:\/\/l21.mx\/index.php?rest_route=\/wp\/v2\/types\/post"}],"author":[{"embeddable":true,"href":"https:\/\/l21.mx\/index.php?rest_route=\/wp\/v2\/users\/95"}],"replies":[{"embeddable":true,"href":"https:\/\/l21.mx\/index.php?rest_route=%2Fwp%2Fv2%2Fcomments&post=93027"}],"version-history":[{"count":1,"href":"https:\/\/l21.mx\/index.php?rest_route=\/wp\/v2\/posts\/93027\/revisions"}],"predecessor-version":[{"id":93030,"href":"https:\/\/l21.mx\/index.php?rest_route=\/wp\/v2\/posts\/93027\/revisions\/93030"}],"wp:featuredmedia":[{"embeddable":true,"href":"https:\/\/l21.mx\/index.php?rest_route=\/wp\/v2\/media\/92998"}],"wp:attachment":[{"href":"https:\/\/l21.mx\/index.php?rest_route=%2Fwp%2Fv2%2Fmedia&parent=93027"}],"wp:term":[{"taxonomy":"category","embeddable":true,"href":"https:\/\/l21.mx\/index.php?rest_route=%2Fwp%2Fv2%2Fcategories&post=93027"},{"taxonomy":"post_tag","embeddable":true,"href":"https:\/\/l21.mx\/index.php?rest_route=%2Fwp%2Fv2%2Ftags&post=93027"}],"curies":[{"name":"wp","href":"https:\/\/api.w.org\/{rel}","templated":true}]}}