{"id":93031,"date":"2026-09-03T17:55:33","date_gmt":"2026-09-03T22:55:33","guid":{"rendered":"https:\/\/l21.mx\/?p=93031"},"modified":"2026-09-03T17:55:33","modified_gmt":"2026-09-03T22:55:33","slug":"tecnologia-sin-fronteras","status":"publish","type":"post","link":"https:\/\/l21.mx\/?p=93031","title":{"rendered":"Tecnolog\u00eda sin fronteras"},"content":{"rendered":"<p>&nbsp;<\/p>\n<blockquote><p><span class=\"Apple-converted-space\">\u00a0<\/span>K\u2019\u00e1at chi\u2019<\/p><\/blockquote>\n<p>La segunda edici\u00f3n de Expo Tech Day CANACO\u2013ANADIC llevar\u00e1 tecnolog\u00eda e innovaci\u00f3n a Tizim\u00edn, Valladolid y Ticul, con jornadas programadas para el 24 y 25 de septiembre y el 1 de octubre. Empresarios, comerciantes y emprendedores podr\u00e1n conocer soluciones en puntos de venta, inventarios, videovigilancia, software, conectividad y ciberseguridad, adem\u00e1s de comparar proveedores y herramientas para sus negocios. La iniciativa busca descentralizar el acceso a tecnolog\u00eda y acercar alternativas que permitan mejorar procesos, seguridad y competitividad. Tambi\u00e9n convoca a universidades y j\u00f3venes para presentar proyectos y propuestas vinculadas con innovaci\u00f3n.<\/p>\n","protected":false},"excerpt":{"rendered":"<p>&nbsp; \u00a0K\u2019\u00e1at chi\u2019 La segunda edici\u00f3n de Expo Tech Day CANACO\u2013ANADIC llevar\u00e1 tecnolog\u00eda e innovaci\u00f3n a&hellip;<\/p>\n","protected":false},"author":95,"featured_media":93033,"comment_status":"closed","ping_status":"closed","sticky":false,"template":"","format":"standard","meta":{"_acf_changed":false,"_lmt_disableupdate":"","_lmt_disable":"","_mbp_gutenberg_autopost":false,"footnotes":""},"categories":[223],"tags":[],"class_list":["post-93031","post","type-post","status-publish","format-standard","has-post-thumbnail","hentry","category-meridiano-87"],"acf":[],"_links":{"self":[{"href":"https:\/\/l21.mx\/index.php?rest_route=\/wp\/v2\/posts\/93031","targetHints":{"allow":["GET"]}}],"collection":[{"href":"https:\/\/l21.mx\/index.php?rest_route=\/wp\/v2\/posts"}],"about":[{"href":"https:\/\/l21.mx\/index.php?rest_route=\/wp\/v2\/types\/post"}],"author":[{"embeddable":true,"href":"https:\/\/l21.mx\/index.php?rest_route=\/wp\/v2\/users\/95"}],"replies":[{"embeddable":true,"href":"https:\/\/l21.mx\/index.php?rest_route=%2Fwp%2Fv2%2Fcomments&post=93031"}],"version-history":[{"count":1,"href":"https:\/\/l21.mx\/index.php?rest_route=\/wp\/v2\/posts\/93031\/revisions"}],"predecessor-version":[{"id":93043,"href":"https:\/\/l21.mx\/index.php?rest_route=\/wp\/v2\/posts\/93031\/revisions\/93043"}],"wp:featuredmedia":[{"embeddable":true,"href":"https:\/\/l21.mx\/index.php?rest_route=\/wp\/v2\/media\/93033"}],"wp:attachment":[{"href":"https:\/\/l21.mx\/index.php?rest_route=%2Fwp%2Fv2%2Fmedia&parent=93031"}],"wp:term":[{"taxonomy":"category","embeddable":true,"href":"https:\/\/l21.mx\/index.php?rest_route=%2Fwp%2Fv2%2Fcategories&post=93031"},{"taxonomy":"post_tag","embeddable":true,"href":"https:\/\/l21.mx\/index.php?rest_route=%2Fwp%2Fv2%2Ftags&post=93031"}],"curies":[{"name":"wp","href":"https:\/\/api.w.org\/{rel}","templated":true}]}}