{"id":93056,"date":"2026-09-03T18:02:42","date_gmt":"2026-09-03T23:02:42","guid":{"rendered":"https:\/\/l21.mx\/?p=93056"},"modified":"2026-09-03T18:02:42","modified_gmt":"2026-09-03T23:02:42","slug":"rumbo-compartido","status":"publish","type":"post","link":"https:\/\/l21.mx\/?p=93056","title":{"rendered":"Rumbo compartido"},"content":{"rendered":"<p>&nbsp;<\/p>\n<blockquote><p><span class=\"Apple-converted-space\">\u00a0<\/span>Noj<\/p><\/blockquote>\n<p>El Consejo Empresarial Tur\u00edstico de Yucat\u00e1n (CETUR) inici\u00f3 el periodo 2026-2027 con una agenda enfocada en competitividad, promoci\u00f3n, inversi\u00f3n y vinculaci\u00f3n. Entre sus prioridades est\u00e1n fortalecer la representaci\u00f3n empresarial, mantener el di\u00e1logo con autoridades, profesionalizar la promoci\u00f3n tur\u00edstica e impulsar la responsabilidad social. Tambi\u00e9n plantea una mayor conexi\u00f3n con instituciones acad\u00e9micas para generar inteligencia comercial. Con m\u00e1s de 24 a\u00f1os de trayectoria, el organismo busca consolidar la colaboraci\u00f3n entre empresas, academia y gobierno, en un escenario donde Yucat\u00e1n gana presencia como destino tur\u00edstico y tambi\u00e9n como espacio de oportunidades para nuevos proyectos de inversi\u00f3n.<\/p>\n","protected":false},"excerpt":{"rendered":"<p>&nbsp; \u00a0Noj El Consejo Empresarial Tur\u00edstico de Yucat\u00e1n (CETUR) inici\u00f3 el periodo 2026-2027 con una agenda&hellip;<\/p>\n","protected":false},"author":95,"featured_media":93037,"comment_status":"closed","ping_status":"closed","sticky":false,"template":"","format":"standard","meta":{"_acf_changed":false,"_lmt_disableupdate":"","_lmt_disable":"","_mbp_gutenberg_autopost":false,"footnotes":""},"categories":[223],"tags":[],"class_list":["post-93056","post","type-post","status-publish","format-standard","has-post-thumbnail","hentry","category-meridiano-87"],"acf":[],"_links":{"self":[{"href":"https:\/\/l21.mx\/index.php?rest_route=\/wp\/v2\/posts\/93056","targetHints":{"allow":["GET"]}}],"collection":[{"href":"https:\/\/l21.mx\/index.php?rest_route=\/wp\/v2\/posts"}],"about":[{"href":"https:\/\/l21.mx\/index.php?rest_route=\/wp\/v2\/types\/post"}],"author":[{"embeddable":true,"href":"https:\/\/l21.mx\/index.php?rest_route=\/wp\/v2\/users\/95"}],"replies":[{"embeddable":true,"href":"https:\/\/l21.mx\/index.php?rest_route=%2Fwp%2Fv2%2Fcomments&post=93056"}],"version-history":[{"count":1,"href":"https:\/\/l21.mx\/index.php?rest_route=\/wp\/v2\/posts\/93056\/revisions"}],"predecessor-version":[{"id":93059,"href":"https:\/\/l21.mx\/index.php?rest_route=\/wp\/v2\/posts\/93056\/revisions\/93059"}],"wp:featuredmedia":[{"embeddable":true,"href":"https:\/\/l21.mx\/index.php?rest_route=\/wp\/v2\/media\/93037"}],"wp:attachment":[{"href":"https:\/\/l21.mx\/index.php?rest_route=%2Fwp%2Fv2%2Fmedia&parent=93056"}],"wp:term":[{"taxonomy":"category","embeddable":true,"href":"https:\/\/l21.mx\/index.php?rest_route=%2Fwp%2Fv2%2Fcategories&post=93056"},{"taxonomy":"post_tag","embeddable":true,"href":"https:\/\/l21.mx\/index.php?rest_route=%2Fwp%2Fv2%2Ftags&post=93056"}],"curies":[{"name":"wp","href":"https:\/\/api.w.org\/{rel}","templated":true}]}}