{"id":933,"date":"2012-12-05T12:27:19","date_gmt":"2012-12-05T18:27:19","guid":{"rendered":"http:\/\/innovatori.space\/lat21\/?p=933"},"modified":"2012-12-07T11:16:46","modified_gmt":"2012-12-07T17:16:46","slug":"inauguracion-museo-maya-de-cancun","status":"publish","type":"post","link":"https:\/\/l21.mx\/?p=933","title":{"rendered":"Inauguraci\u00f3n Museo Maya de Canc\u00fan"},"content":{"rendered":"<p><a href=\"http:\/\/l21.mx\/wp-content\/uploads\/2012\/12\/MUSEO-MAYA-DE-CANCUN.jpg\" data-rel=\"penci-gallery-image-content\" ><img fetchpriority=\"high\" decoding=\"async\" class=\"aligncenter size-large wp-image-935\" title=\"MUSEO MAYA DE CANCUN\" src=\"http:\/\/l21.mx\/wp-content\/uploads\/2012\/12\/MUSEO-MAYA-DE-CANCUN-1024x682.jpg\" alt=\"MUSEO MAYA DE CANCUN latitud21\" width=\"1024\" height=\"682\" srcset=\"https:\/\/l21.mx\/wp-content\/uploads\/2012\/12\/MUSEO-MAYA-DE-CANCUN-1024x682.jpg 1024w, https:\/\/l21.mx\/wp-content\/uploads\/2012\/12\/MUSEO-MAYA-DE-CANCUN-300x199.jpg 300w, https:\/\/l21.mx\/wp-content\/uploads\/2012\/12\/MUSEO-MAYA-DE-CANCUN-127x85.jpg 127w, https:\/\/l21.mx\/wp-content\/uploads\/2012\/12\/MUSEO-MAYA-DE-CANCUN-600x399.jpg 600w, https:\/\/l21.mx\/wp-content\/uploads\/2012\/12\/MUSEO-MAYA-DE-CANCUN-167x111.jpg 167w, https:\/\/l21.mx\/wp-content\/uploads\/2012\/12\/MUSEO-MAYA-DE-CANCUN-80x53.jpg 80w, https:\/\/l21.mx\/wp-content\/uploads\/2012\/12\/MUSEO-MAYA-DE-CANCUN.jpg 1106w\" sizes=\"(max-width: 1024px) 100vw, 1024px\" \/><\/a><\/p>\n<p><strong>D\u00f3nde:\u00a0Kil\u00f3metro 16.5 de\u00a0la Zona Hotelera\u00a0<\/strong><\/p>\n<p><strong>Cu\u00e1ndo:\u00a0Noviembre 2012<\/strong><\/p>\n<p>El presidente de M\u00e9xico, <strong>Felipe Calder\u00f3n<\/strong>, inaugur\u00f3 junto con el gobernador del estado, <strong>Roberto Borge<\/strong>, la estructura de mil 350 metros cuadrados de exposici\u00f3n, dividida en tres salas, del <strong>Museo Maya de Canc\u00fan<\/strong>. Paralelamente se abri\u00f3 al p\u00fablico la zona arqueol\u00f3gica de San Miguelito, ubicada en la misma \u00e1rea. De un total de tres mil 500 piezas que integrar\u00e1n el acervo del museo, actualmente est\u00e1n expuestas 400, extra\u00eddas de <strong>sitios arqueol\u00f3gicos<\/strong> como Cob\u00e1, Caracol-Punta Sur, El Meco, El Rey, Ichkab\u00e1l, Muyil, Playa del Carmen, San Gervasio, Tulum, Xel-H\u00e1, Xcaret y San Miguelito. Con una inversi\u00f3n cercana a los 200 millones de pesos, la obra es la m\u00e1s importante en el rubro de la museograf\u00eda desde la creaci\u00f3n del <strong>Museo de Antropolog\u00eda<\/strong>. Durante el primer a\u00f1o en funciones se espera la visita de un mill\u00f3n de personas.<\/p>\n<p>&nbsp;<\/p>\n<p>[editor]bitacora[\/editor]<\/p>\n<div><\/div>\n","protected":false},"excerpt":{"rendered":"<p>D\u00f3nde:\u00a0Kil\u00f3metro 16.5 de\u00a0la Zona Hotelera\u00a0 Cu\u00e1ndo:\u00a0Noviembre 2012 El presidente de M\u00e9xico, Felipe Calder\u00f3n, inaugur\u00f3 junto con&hellip;<\/p>\n","protected":false},"author":2,"featured_media":935,"comment_status":"open","ping_status":"open","sticky":false,"template":"","format":"standard","meta":{"_acf_changed":false,"_lmt_disableupdate":"","_lmt_disable":"","_mbp_gutenberg_autopost":false,"footnotes":""},"categories":[1],"tags":[],"class_list":["post-933","post","type-post","status-publish","format-standard","has-post-thumbnail","hentry","category-sin-categoria"],"acf":[],"_links":{"self":[{"href":"https:\/\/l21.mx\/index.php?rest_route=\/wp\/v2\/posts\/933","targetHints":{"allow":["GET"]}}],"collection":[{"href":"https:\/\/l21.mx\/index.php?rest_route=\/wp\/v2\/posts"}],"about":[{"href":"https:\/\/l21.mx\/index.php?rest_route=\/wp\/v2\/types\/post"}],"author":[{"embeddable":true,"href":"https:\/\/l21.mx\/index.php?rest_route=\/wp\/v2\/users\/2"}],"replies":[{"embeddable":true,"href":"https:\/\/l21.mx\/index.php?rest_route=%2Fwp%2Fv2%2Fcomments&post=933"}],"version-history":[{"count":0,"href":"https:\/\/l21.mx\/index.php?rest_route=\/wp\/v2\/posts\/933\/revisions"}],"wp:featuredmedia":[{"embeddable":true,"href":"https:\/\/l21.mx\/index.php?rest_route=\/wp\/v2\/media\/935"}],"wp:attachment":[{"href":"https:\/\/l21.mx\/index.php?rest_route=%2Fwp%2Fv2%2Fmedia&parent=933"}],"wp:term":[{"taxonomy":"category","embeddable":true,"href":"https:\/\/l21.mx\/index.php?rest_route=%2Fwp%2Fv2%2Fcategories&post=933"},{"taxonomy":"post_tag","embeddable":true,"href":"https:\/\/l21.mx\/index.php?rest_route=%2Fwp%2Fv2%2Ftags&post=933"}],"curies":[{"name":"wp","href":"https:\/\/api.w.org\/{rel}","templated":true}]}}