{"id":9426,"date":"2015-05-06T20:05:24","date_gmt":"2015-05-07T01:05:24","guid":{"rendered":"http:\/\/innovatori.space\/lat21\/?p=9426"},"modified":"2015-05-06T20:08:34","modified_gmt":"2015-05-07T01:08:34","slug":"este-miercoles-inicia-foro-economico-mundial-para-america-latina","status":"publish","type":"post","link":"https:\/\/l21.mx\/?p=9426","title":{"rendered":"Este mi\u00e9rcoles inicia Foro Econ\u00f3mico Mundial para Am\u00e9rica Latina"},"content":{"rendered":"<div id=\"HOTWordsTxt\"><a href=\"http:\/\/l21.mx\/wp-content\/uploads\/2013\/12\/grand-velas.jpg\"><br \/>\n<img fetchpriority=\"high\" decoding=\"async\" class=\"aligncenter size-full wp-image-5414\" title=\"grand velas\" src=\"http:\/\/l21.mx\/wp-content\/uploads\/2013\/12\/grand-velas.jpg\" alt=\"\" width=\"316\" height=\"210\" srcset=\"https:\/\/l21.mx\/wp-content\/uploads\/2013\/12\/grand-velas.jpg 316w, https:\/\/l21.mx\/wp-content\/uploads\/2013\/12\/grand-velas-300x199.jpg 300w, https:\/\/l21.mx\/wp-content\/uploads\/2013\/12\/grand-velas-263x175.jpg 263w\" sizes=\"(max-width: 316px) 100vw, 316px\" \/><\/a><\/div>\n<div>\n<p><strong>El encuentro se realizar\u00e1 del 6 al 8 de mayo en la Riviera Maya, en Quintana Roo<\/strong><\/p>\n<div><\/div>\n<\/div>\n<div>La d\u00e9cima edici\u00f3n del Foro Econ\u00f3mico Mundial para Am\u00e9rica Latina (WEF Latam) se realizar\u00e1 del 6 al 8 de este mes en la\u00a0<a href=\"http:\/\/www.informador.com.mx\/economia\/2014\/568001\/6\/cancun-y-riviera-maya-destinos-mexicanos-mas-visitados-en-2014.htm\" target=\"_blank\" rel=\"noopener\"><strong>Riviera Maya<\/strong><\/a>, en Quintana Roo.El encuentro es un espacio de di\u00e1logo de alto nivel, que congrega a l\u00edderes de opini\u00f3n y empresarios para exponer, debatir y formular estrategias para el mejoramiento integral de la regi\u00f3n, dio a conocer en su momento la\u00a0<a href=\"http:\/\/www.informador.com.mx\/757\/secretaria-de-economia\" target=\"_blank\" rel=\"noopener\"><strong>Secretar\u00eda de Econom\u00eda.<\/strong><\/a>La tem\u00e1tica de la d\u00e9cima edici\u00f3n se centrar\u00e1 en los ejes y di\u00e1logos en torno a las reformas y cambios estructurales que promueven el avance de la regi\u00f3n.<\/p>\n<p>Se contar\u00e1 con la presencia de jefes de Estado, entre ellos, de Colombia, Hait\u00ed, Honduras, Trinidad y Tobago y M\u00e9xico; ministros de pa\u00edses como Brasil, Chile, Colombia, Costa Rica, Cuba, El Salvador, Jap\u00f3n, Nueva Zelanda, Panam\u00e1, Paraguay y Per\u00fa.<\/p>\n<p>Asimismo, los vicepresidentes de El Salvador y de Panam\u00e1; alcaldes de Colombia, Estados Unidos, Ecuador y de M\u00e9xico, y cerca de 750 l\u00edderes entre los que destacan presidentes de compa\u00f1\u00edas multinacionales y l\u00edderes de opini\u00f3n.<\/p>\n<p>El evento, que se realiza cada a\u00f1o en distintas sedes, regresa a M\u00e9xico por tercera ocasi\u00f3n en un contexto de condiciones muy favorables que tienen fundamento en los cambios estructurales en el pa\u00eds.<\/p>\n<\/div>\n","protected":false},"excerpt":{"rendered":"<p>El encuentro se realizar\u00e1 del 6 al 8 de mayo en la Riviera Maya, en Quintana&hellip;<\/p>\n","protected":false},"author":2,"featured_media":9428,"comment_status":"open","ping_status":"open","sticky":false,"template":"","format":"standard","meta":{"_acf_changed":false,"_lmt_disableupdate":"","_lmt_disable":"","_mbp_gutenberg_autopost":false,"footnotes":""},"categories":[23,8],"tags":[],"class_list":["post-9426","post","type-post","status-publish","format-standard","has-post-thumbnail","hentry","category-noticias","category-turismo"],"acf":[],"_links":{"self":[{"href":"https:\/\/l21.mx\/index.php?rest_route=\/wp\/v2\/posts\/9426","targetHints":{"allow":["GET"]}}],"collection":[{"href":"https:\/\/l21.mx\/index.php?rest_route=\/wp\/v2\/posts"}],"about":[{"href":"https:\/\/l21.mx\/index.php?rest_route=\/wp\/v2\/types\/post"}],"author":[{"embeddable":true,"href":"https:\/\/l21.mx\/index.php?rest_route=\/wp\/v2\/users\/2"}],"replies":[{"embeddable":true,"href":"https:\/\/l21.mx\/index.php?rest_route=%2Fwp%2Fv2%2Fcomments&post=9426"}],"version-history":[{"count":0,"href":"https:\/\/l21.mx\/index.php?rest_route=\/wp\/v2\/posts\/9426\/revisions"}],"wp:featuredmedia":[{"embeddable":true,"href":"https:\/\/l21.mx\/index.php?rest_route=\/wp\/v2\/media\/9428"}],"wp:attachment":[{"href":"https:\/\/l21.mx\/index.php?rest_route=%2Fwp%2Fv2%2Fmedia&parent=9426"}],"wp:term":[{"taxonomy":"category","embeddable":true,"href":"https:\/\/l21.mx\/index.php?rest_route=%2Fwp%2Fv2%2Fcategories&post=9426"},{"taxonomy":"post_tag","embeddable":true,"href":"https:\/\/l21.mx\/index.php?rest_route=%2Fwp%2Fv2%2Ftags&post=9426"}],"curies":[{"name":"wp","href":"https:\/\/api.w.org\/{rel}","templated":true}]}}