{"id":943,"date":"2012-12-05T12:34:57","date_gmt":"2012-12-05T18:34:57","guid":{"rendered":"http:\/\/innovatori.space\/lat21\/?p=943"},"modified":"2012-12-07T10:55:21","modified_gmt":"2012-12-07T16:55:21","slug":"best-of-the-best-travel-impressions","status":"publish","type":"post","link":"https:\/\/l21.mx\/?p=943","title":{"rendered":"Best of the Best Travel Impressions"},"content":{"rendered":"<p><a href=\"http:\/\/l21.mx\/wp-content\/uploads\/2012\/12\/Jesus-Almaguer-Colette-Baruth-Elyse-Elkin.jpg\" data-rel=\"penci-gallery-image-content\" ><img fetchpriority=\"high\" decoding=\"async\" class=\"aligncenter size-full wp-image-944\" title=\"Jesus Almaguer, Colette Baruth, Elyse Elkin\" src=\"http:\/\/l21.mx\/wp-content\/uploads\/2012\/12\/Jesus-Almaguer-Colette-Baruth-Elyse-Elkin.jpg\" alt=\"Jesus Almaguer, Colette Baruth, Elyse Elkin\" width=\"307\" height=\"204\" srcset=\"https:\/\/l21.mx\/wp-content\/uploads\/2012\/12\/Jesus-Almaguer-Colette-Baruth-Elyse-Elkin.jpg 307w, https:\/\/l21.mx\/wp-content\/uploads\/2012\/12\/Jesus-Almaguer-Colette-Baruth-Elyse-Elkin-300x199.jpg 300w, https:\/\/l21.mx\/wp-content\/uploads\/2012\/12\/Jesus-Almaguer-Colette-Baruth-Elyse-Elkin-127x85.jpg 127w, https:\/\/l21.mx\/wp-content\/uploads\/2012\/12\/Jesus-Almaguer-Colette-Baruth-Elyse-Elkin-167x110.jpg 167w, https:\/\/l21.mx\/wp-content\/uploads\/2012\/12\/Jesus-Almaguer-Colette-Baruth-Elyse-Elkin-80x53.jpg 80w\" sizes=\"(max-width: 307px) 100vw, 307px\" \/><\/a><\/p>\n<p><strong>D\u00f3nde:\u00a0Canc\u00fan Center<\/strong><\/p>\n<p><strong>Cu\u00e1ndo:\u00a0Noviembre 2012<\/strong><\/p>\n<p>El <strong>Caribe mexicano<\/strong> recibi\u00f3 a 400 profesionales de la industria de viajes y turismo en el marco del evento anual <strong>Best of the Best<\/strong> (Lo Mejor de lo Mejor), que organiz\u00f3 la agencia mayorista <strong>Travel Impressions<\/strong>, compa\u00f1\u00eda creada en 1974, subsidiaria de <strong>American Express<\/strong> y uno de los mayores touroperadores de <strong>Estados Unidos<\/strong> con presencia en m\u00e1s de 200 destinos. Travel Impressions invit\u00f3 a los agentes de viajes m\u00e1s productivos a disfrutar durante cuatro d\u00edas los atractivos productos y oferta de servicios que ofrece este destino tur\u00edstico. Entre las personalidades presentes en la inauguraci\u00f3n del evento destacaron Steve Gorga, presidente de Travel Impressions, Elyse Elkin, vicepresidente de la agencia mayorista, el gobernador del estado, <strong>Roberto Borge<\/strong>, y el director general de la<strong> OVC de Canc\u00fan<\/strong>, Jes\u00fas Almaguer Salazar.<\/p>\n<div>\u00a0[editor]bitacora[\/editor]<\/div>\n","protected":false},"excerpt":{"rendered":"<p>D\u00f3nde:\u00a0Canc\u00fan Center Cu\u00e1ndo:\u00a0Noviembre 2012 El Caribe mexicano recibi\u00f3 a 400 profesionales de la industria de viajes&hellip;<\/p>\n","protected":false},"author":2,"featured_media":945,"comment_status":"open","ping_status":"open","sticky":false,"template":"","format":"standard","meta":{"_acf_changed":false,"_lmt_disableupdate":"","_lmt_disable":"","_mbp_gutenberg_autopost":false,"footnotes":""},"categories":[1],"tags":[],"class_list":["post-943","post","type-post","status-publish","format-standard","has-post-thumbnail","hentry","category-sin-categoria"],"acf":[],"_links":{"self":[{"href":"https:\/\/l21.mx\/index.php?rest_route=\/wp\/v2\/posts\/943","targetHints":{"allow":["GET"]}}],"collection":[{"href":"https:\/\/l21.mx\/index.php?rest_route=\/wp\/v2\/posts"}],"about":[{"href":"https:\/\/l21.mx\/index.php?rest_route=\/wp\/v2\/types\/post"}],"author":[{"embeddable":true,"href":"https:\/\/l21.mx\/index.php?rest_route=\/wp\/v2\/users\/2"}],"replies":[{"embeddable":true,"href":"https:\/\/l21.mx\/index.php?rest_route=%2Fwp%2Fv2%2Fcomments&post=943"}],"version-history":[{"count":0,"href":"https:\/\/l21.mx\/index.php?rest_route=\/wp\/v2\/posts\/943\/revisions"}],"wp:featuredmedia":[{"embeddable":true,"href":"https:\/\/l21.mx\/index.php?rest_route=\/wp\/v2\/media\/945"}],"wp:attachment":[{"href":"https:\/\/l21.mx\/index.php?rest_route=%2Fwp%2Fv2%2Fmedia&parent=943"}],"wp:term":[{"taxonomy":"category","embeddable":true,"href":"https:\/\/l21.mx\/index.php?rest_route=%2Fwp%2Fv2%2Fcategories&post=943"},{"taxonomy":"post_tag","embeddable":true,"href":"https:\/\/l21.mx\/index.php?rest_route=%2Fwp%2Fv2%2Ftags&post=943"}],"curies":[{"name":"wp","href":"https:\/\/api.w.org\/{rel}","templated":true}]}}