{"id":9436,"date":"2015-05-07T17:01:08","date_gmt":"2015-05-07T22:01:08","guid":{"rendered":"http:\/\/innovatori.space\/lat21\/?p=9436"},"modified":"2015-05-07T17:01:18","modified_gmt":"2015-05-07T22:01:18","slug":"cancun-fortalecera-liderazgo-en-el-caribe-con-nuevo-vuelo-a-puerto-rico","status":"publish","type":"post","link":"https:\/\/l21.mx\/?p=9436","title":{"rendered":"CANCUN FORTALECERA LIDERAZGO EN EL CARIBE CON NUEVO VUELO A PUERTO RICO"},"content":{"rendered":"<p style=\"text-align: left;\" align=\"center\"><a href=\"http:\/\/l21.mx\/wp-content\/uploads\/2014\/04\/Volaris-a-la-carga.jpg\" data-rel=\"penci-gallery-image-content\" ><img fetchpriority=\"high\" decoding=\"async\" class=\"aligncenter size-full wp-image-6760\" title=\"Volaris, a la carga\" src=\"http:\/\/l21.mx\/wp-content\/uploads\/2014\/04\/Volaris-a-la-carga.jpg\" alt=\"\" width=\"694\" height=\"446\" srcset=\"https:\/\/l21.mx\/wp-content\/uploads\/2014\/04\/Volaris-a-la-carga.jpg 694w, https:\/\/l21.mx\/wp-content\/uploads\/2014\/04\/Volaris-a-la-carga-300x193.jpg 300w, https:\/\/l21.mx\/wp-content\/uploads\/2014\/04\/Volaris-a-la-carga-585x376.jpg 585w\" sizes=\"(max-width: 694px) 100vw, 694px\" \/><\/a><\/p>\n<p style=\"text-align: left;\" align=\"center\"><strong>*La OVC de Canc\u00fan y ASUR celebran que, a partir del 2 de julio pr\u00f3ximo, las dos frecuencias a\u00e9reas semanales de Volaris entre Canc\u00fan y San Juan permitir\u00e1 a 3.7 millones de puertorrique\u00f1os llegar a M\u00e9xico sin tener que pasar por Estados Unidos<\/strong><\/p>\n<p style=\"text-align: left;\" align=\"center\"><strong><br \/>\n<\/strong><\/p>\n<p style=\"text-align: left;\"><strong>Canc\u00fan, Q. Roo (Mayo, 2015)<\/strong>\u00a0La apertura del nuevo vuelo entre Canc\u00fan y San Juan, Puerto Rico, que pondr\u00e1 en operaci\u00f3n la aerol\u00ednea Volaris, a partir del 2 de julio pr\u00f3ximo, fortalecer\u00e1 el liderazgo de Canc\u00fan en el Caribe y permitir\u00e1 estrechar a\u00fan m\u00e1s los lazos comerciales y tur\u00edsticos en la regi\u00f3n.<\/p>\n<p style=\"text-align: left;\">Con la apertura de las dos frecuencias semanales entre ambos destinos del Caribe, el cual se logr\u00f3 gracias al apoyo y la colaboraci\u00f3n del Gobierno del Estado, a trav\u00e9s de la Oficina de Visitantes y Convenciones de Canc\u00fan (OVC) y de Aeropuertos del Sureste (ASUR), permitir\u00e1 impulsar el comercio entre ambos pa\u00edses, que supera los 919 millones de d\u00f3lares anuales, as\u00ed como beneficiara a que m\u00e1s de 3.7 millones de puertorrique\u00f1os lleguen a M\u00e9xico sin tener que pasar por Estados Unidos.<\/p>\n<p style=\"text-align: left;\">Este nuevo vuelo tambi\u00e9n ayudar\u00e1 a que \u201clas m\u00e1s de 11 mil personas de origen mexicano que viven en la isla, as\u00ed como los turistas amantes del Caribe puedan llegar sin escalas a cualquiera de estos destinos\u201d.<\/p>\n<p style=\"text-align: left;\">De acuerdo con ASUR, la frecuencia a\u00e9rea entre Canc\u00fan y San Juan operar\u00e1 los d\u00edas jueves y domingos, y ser\u00e1 operado con aeronaves A320 de 174 pasajeros, \u201cofreciendo la comodidad de estas aeronaves, la calidad en el servicios de Volaris y la excelencia en las instalaciones de las terminales de ambos destinos, las cuales son considerados los dos aeropuertos con mayor tr\u00e1fico de pasajeros, San Juan, con 8.6 millones de pasajeros y Canc\u00fan, con 17.5 millones, en el 2014\u201d.<\/p>\n<p style=\"text-align: left;\">\u00a0\u201cCanc\u00fan es el destino tur\u00edstico por excelencia de Am\u00e9rica Latina y San Juan es considerada una de las ciudades m\u00e1s atractivas para invertir en Hispanoam\u00e9rica, y ambas quedar\u00e1n enlazadas v\u00eda a\u00e9reas, luego de d\u00e9cada y media de no estarlo, siendo una de las rutas m\u00e1s atractivas del 2015\u201d, puntualiz\u00f3 ASUR.<\/p>\n<p style=\"text-align: left;\">Por su parte, el Director de Servicio y Venta a Clientes de Volaris, Jos\u00e9 Luis Su\u00e1rez se\u00f1al\u00f3 que \u201cel incluir a Puerto Rico dentro de la oferta de destinos responde a una estrategia de expansi\u00f3n dentro de la regi\u00f3n, adem\u00e1s de reforzar nuestro compromiso con Canc\u00fan, donde ya tenemos una oferta de 18 destinos y operamos 257 vuelos semanales\u201d.<\/p>\n","protected":false},"excerpt":{"rendered":"<p>*La OVC de Canc\u00fan y ASUR celebran que, a partir del 2 de julio pr\u00f3ximo, las&hellip;<\/p>\n","protected":false},"author":2,"featured_media":0,"comment_status":"open","ping_status":"open","sticky":false,"template":"","format":"standard","meta":{"_acf_changed":false,"_lmt_disableupdate":"","_lmt_disable":"","_mbp_gutenberg_autopost":false,"footnotes":""},"categories":[23,8],"tags":[],"class_list":["post-9436","post","type-post","status-publish","format-standard","hentry","category-noticias","category-turismo"],"acf":[],"_links":{"self":[{"href":"https:\/\/l21.mx\/index.php?rest_route=\/wp\/v2\/posts\/9436","targetHints":{"allow":["GET"]}}],"collection":[{"href":"https:\/\/l21.mx\/index.php?rest_route=\/wp\/v2\/posts"}],"about":[{"href":"https:\/\/l21.mx\/index.php?rest_route=\/wp\/v2\/types\/post"}],"author":[{"embeddable":true,"href":"https:\/\/l21.mx\/index.php?rest_route=\/wp\/v2\/users\/2"}],"replies":[{"embeddable":true,"href":"https:\/\/l21.mx\/index.php?rest_route=%2Fwp%2Fv2%2Fcomments&post=9436"}],"version-history":[{"count":0,"href":"https:\/\/l21.mx\/index.php?rest_route=\/wp\/v2\/posts\/9436\/revisions"}],"wp:attachment":[{"href":"https:\/\/l21.mx\/index.php?rest_route=%2Fwp%2Fv2%2Fmedia&parent=9436"}],"wp:term":[{"taxonomy":"category","embeddable":true,"href":"https:\/\/l21.mx\/index.php?rest_route=%2Fwp%2Fv2%2Fcategories&post=9436"},{"taxonomy":"post_tag","embeddable":true,"href":"https:\/\/l21.mx\/index.php?rest_route=%2Fwp%2Fv2%2Ftags&post=9436"}],"curies":[{"name":"wp","href":"https:\/\/api.w.org\/{rel}","templated":true}]}}