{"id":9489,"date":"2015-05-28T11:04:44","date_gmt":"2015-05-28T16:04:44","guid":{"rendered":"http:\/\/innovatori.space\/lat21\/?p=9489"},"modified":"2015-05-28T11:06:48","modified_gmt":"2015-05-28T16:06:48","slug":"%e2%86%91%e2%86%91-bovinos-playa-del-carmen","status":"publish","type":"post","link":"https:\/\/l21.mx\/?p=9489","title":{"rendered":"\u2191\u2191 Bovino\u2019s Playa del Carmen"},"content":{"rendered":"<p><a href=\"http:\/\/l21.mx\/wp-content\/uploads\/2015\/05\/bovinos-playa-del-carmen.png\" data-rel=\"penci-gallery-image-content\" ><img fetchpriority=\"high\" decoding=\"async\" class=\"aligncenter size-full wp-image-9491\" title=\"Bovinos Playa del Carmen\" src=\"http:\/\/l21.mx\/wp-content\/uploads\/2015\/05\/bovinos-playa-del-carmen.png\" alt=\"\" width=\"425\" height=\"305\" srcset=\"https:\/\/l21.mx\/wp-content\/uploads\/2015\/05\/bovinos-playa-del-carmen.png 425w, https:\/\/l21.mx\/wp-content\/uploads\/2015\/05\/bovinos-playa-del-carmen-300x215.png 300w\" sizes=\"(max-width: 425px) 100vw, 425px\" \/><\/a><\/p>\n<p>Presente en Canc\u00fan desde 2009, Grupo Bovino\u2019s, de capital 100% quintanarroense, extiende su marca a la Riviera Maya con una sucursal en Playa del Carmen, adem\u00e1s de un restaurante Oasis de Playa Centro y Daiquir\u00ed Factory, todo con un plan de inversi\u00f3n de 17 mdp. Especializado en cocina brasile\u00f1a bajo el concepto de rodizio, Bovino\u00b4s ingresa dos nuevos cortes: T\u00a0 omahawk y el Bovino\u2019s Steak, adem\u00e1s de su barra de especialidades gourmet. Dividido en cuatro \u00e1reas con capacidad total para 220 personas, el predio incluye adem\u00e1s del sal\u00f3n principal, un sal\u00f3n VIP, un \u00e1rea de degustaci\u00f3n y una cava de degustaci\u00f3n con 20 tipos de quesos. Atenci\u00f3n personalizada y precios especiales para locales. Superficie, 400 m2 de \u00e1rea de restaurante y 700 m2 de construcci\u00f3n. Gener\u00f3 45 empleos directos. Av. 10 esquina Calle 12. Tel. (984) 803-03- 01, Facebook\/ Bovino\u2019s<\/p>\n<div>\n<p>[editor]sube-y-baja[\/editor]<\/p>\n<div><\/div>\n<\/div>\n","protected":false},"excerpt":{"rendered":"<p>Presente en Canc\u00fan desde 2009, Grupo Bovino\u2019s, de capital 100% quintanarroense, extiende su marca a la&hellip;<\/p>\n","protected":false},"author":2,"featured_media":9491,"comment_status":"open","ping_status":"open","sticky":false,"template":"","format":"standard","meta":{"_acf_changed":false,"_lmt_disableupdate":"","_lmt_disable":"","_mbp_gutenberg_autopost":false,"footnotes":""},"categories":[10],"tags":[],"class_list":["post-9489","post","type-post","status-publish","format-standard","has-post-thumbnail","hentry","category-sube-y-baja"],"acf":[],"_links":{"self":[{"href":"https:\/\/l21.mx\/index.php?rest_route=\/wp\/v2\/posts\/9489","targetHints":{"allow":["GET"]}}],"collection":[{"href":"https:\/\/l21.mx\/index.php?rest_route=\/wp\/v2\/posts"}],"about":[{"href":"https:\/\/l21.mx\/index.php?rest_route=\/wp\/v2\/types\/post"}],"author":[{"embeddable":true,"href":"https:\/\/l21.mx\/index.php?rest_route=\/wp\/v2\/users\/2"}],"replies":[{"embeddable":true,"href":"https:\/\/l21.mx\/index.php?rest_route=%2Fwp%2Fv2%2Fcomments&post=9489"}],"version-history":[{"count":0,"href":"https:\/\/l21.mx\/index.php?rest_route=\/wp\/v2\/posts\/9489\/revisions"}],"wp:featuredmedia":[{"embeddable":true,"href":"https:\/\/l21.mx\/index.php?rest_route=\/wp\/v2\/media\/9491"}],"wp:attachment":[{"href":"https:\/\/l21.mx\/index.php?rest_route=%2Fwp%2Fv2%2Fmedia&parent=9489"}],"wp:term":[{"taxonomy":"category","embeddable":true,"href":"https:\/\/l21.mx\/index.php?rest_route=%2Fwp%2Fv2%2Fcategories&post=9489"},{"taxonomy":"post_tag","embeddable":true,"href":"https:\/\/l21.mx\/index.php?rest_route=%2Fwp%2Fv2%2Ftags&post=9489"}],"curies":[{"name":"wp","href":"https:\/\/api.w.org\/{rel}","templated":true}]}}