{"id":9500,"date":"2015-05-28T11:10:08","date_gmt":"2015-05-28T16:10:08","guid":{"rendered":"http:\/\/innovatori.space\/lat21\/?p=9500"},"modified":"2015-05-28T11:10:08","modified_gmt":"2015-05-28T16:10:08","slug":"%e2%86%91%e2%86%91-suecia-car-sureste","status":"publish","type":"post","link":"https:\/\/l21.mx\/?p=9500","title":{"rendered":"\u2191\u2191 Suecia Car Sureste"},"content":{"rendered":"<p><a href=\"http:\/\/l21.mx\/wp-content\/uploads\/2015\/05\/Suecia-Car-Sureste.png\" data-rel=\"penci-gallery-image-content\" ><img fetchpriority=\"high\" decoding=\"async\" class=\"aligncenter size-full wp-image-9501\" title=\"Suecia Car Sureste\" src=\"http:\/\/l21.mx\/wp-content\/uploads\/2015\/05\/Suecia-Car-Sureste.png\" alt=\"\" width=\"368\" height=\"243\" srcset=\"https:\/\/l21.mx\/wp-content\/uploads\/2015\/05\/Suecia-Car-Sureste.png 368w, https:\/\/l21.mx\/wp-content\/uploads\/2015\/05\/Suecia-Car-Sureste-300x198.png 300w, https:\/\/l21.mx\/wp-content\/uploads\/2015\/05\/Suecia-Car-Sureste-263x175.png 263w\" sizes=\"(max-width: 368px) 100vw, 368px\" \/><\/a>Con una inversi\u00f3n de 4.5 mdp abre sus puertas en Canc\u00fan la agencia distribuidora de la marca automotriz Volvo, con el nuevo concepto que forma parte del proceso de transformaci\u00f3n de la empresa en el mundo. Volvo Cars M\u00e9xico cuenta ahora con 24 puntos de venta en el pa\u00eds, a trav\u00e9s de las cuales contempla colocar este a\u00f1o 500 mil unidades. La pen\u00ednsula representa el ocho por ciento del volumen de ventas, con agencias en M\u00e9rida y Canc\u00fan. Superficie, 2,500 m2. Gener\u00f3 10 empleos directos e indirectos. Av. Tulum, Mza. 3, Lte. 1, entre calle Pioneros y Chinchorro, SM 8. Tel. (998) 892-18-78. E-mail: aflores1@apse.com.mx<\/p>\n<div><\/div>\n","protected":false},"excerpt":{"rendered":"<p>Con una inversi\u00f3n de 4.5 mdp abre sus puertas en Canc\u00fan la agencia distribuidora de la&hellip;<\/p>\n","protected":false},"author":2,"featured_media":9501,"comment_status":"open","ping_status":"open","sticky":false,"template":"","format":"standard","meta":{"_acf_changed":false,"_lmt_disableupdate":"","_lmt_disable":"","_mbp_gutenberg_autopost":false,"footnotes":""},"categories":[10],"tags":[],"class_list":["post-9500","post","type-post","status-publish","format-standard","has-post-thumbnail","hentry","category-sube-y-baja"],"acf":[],"_links":{"self":[{"href":"https:\/\/l21.mx\/index.php?rest_route=\/wp\/v2\/posts\/9500","targetHints":{"allow":["GET"]}}],"collection":[{"href":"https:\/\/l21.mx\/index.php?rest_route=\/wp\/v2\/posts"}],"about":[{"href":"https:\/\/l21.mx\/index.php?rest_route=\/wp\/v2\/types\/post"}],"author":[{"embeddable":true,"href":"https:\/\/l21.mx\/index.php?rest_route=\/wp\/v2\/users\/2"}],"replies":[{"embeddable":true,"href":"https:\/\/l21.mx\/index.php?rest_route=%2Fwp%2Fv2%2Fcomments&post=9500"}],"version-history":[{"count":0,"href":"https:\/\/l21.mx\/index.php?rest_route=\/wp\/v2\/posts\/9500\/revisions"}],"wp:featuredmedia":[{"embeddable":true,"href":"https:\/\/l21.mx\/index.php?rest_route=\/wp\/v2\/media\/9501"}],"wp:attachment":[{"href":"https:\/\/l21.mx\/index.php?rest_route=%2Fwp%2Fv2%2Fmedia&parent=9500"}],"wp:term":[{"taxonomy":"category","embeddable":true,"href":"https:\/\/l21.mx\/index.php?rest_route=%2Fwp%2Fv2%2Fcategories&post=9500"},{"taxonomy":"post_tag","embeddable":true,"href":"https:\/\/l21.mx\/index.php?rest_route=%2Fwp%2Fv2%2Ftags&post=9500"}],"curies":[{"name":"wp","href":"https:\/\/api.w.org\/{rel}","templated":true}]}}