{"id":9509,"date":"2015-05-28T11:13:40","date_gmt":"2015-05-28T16:13:40","guid":{"rendered":"http:\/\/innovatori.space\/lat21\/?p=9509"},"modified":"2015-07-17T14:01:02","modified_gmt":"2015-07-17T19:01:02","slug":"la-agencia-automotriz","status":"publish","type":"post","link":"https:\/\/l21.mx\/?p=9509","title":{"rendered":"\u2191\u2191 La Agencia Automotriz"},"content":{"rendered":"<p><a href=\"http:\/\/l21.mx\/wp-content\/uploads\/2015\/05\/La-Agencia-Automotriz.png\" data-rel=\"penci-gallery-image-content\" ><img fetchpriority=\"high\" decoding=\"async\" class=\"alignleft size-full wp-image-9510\" title=\"La Agencia Automotriz\" src=\"http:\/\/l21.mx\/wp-content\/uploads\/2015\/05\/La-Agencia-Automotriz.png\" alt=\"\" width=\"239\" height=\"399\" srcset=\"https:\/\/l21.mx\/wp-content\/uploads\/2015\/05\/La-Agencia-Automotriz.png 239w, https:\/\/l21.mx\/wp-content\/uploads\/2015\/05\/La-Agencia-Automotriz-180x300.png 180w\" sizes=\"(max-width: 239px) 100vw, 239px\" \/><\/a>Con un innovador concepto en calidad y servicio, abre sus puertas en Canc\u00fan La Agencia Automotriz para atender la demanda en atenci\u00f3n mec\u00e1nica para todo tipo de marcas de autom\u00f3viles. La Agencia nace de la sociedad entre\u00a0 Rafael Luckie y \u00c1ngel L\u00f3pez, este \u00faltimo con certificaci\u00f3n Automotive\u00a0 Service Excellence (ASE) en Estados Unidos. La agencia opera de lunes a viernes de 8:00 a.m. a 6:00 p.m. y s\u00e1bados de 8:00 a.m. a 1:00 p.m. Superficie, 300 m2. Gener\u00f3 inicialmente dos empleos. Av. Andr\u00e9s Quintana Roo, SM 95, Mza. 1 Lte. 30. Tel. 998 121-86-29, laagenciaautomotriz@gmail.com<\/p>\n<div><\/div>\n","protected":false},"excerpt":{"rendered":"<p>Con un innovador concepto en calidad y servicio, abre sus puertas en Canc\u00fan La Agencia Automotriz&hellip;<\/p>\n","protected":false},"author":2,"featured_media":9510,"comment_status":"open","ping_status":"open","sticky":false,"template":"","format":"standard","meta":{"_acf_changed":false,"_lmt_disableupdate":"","_lmt_disable":"","_mbp_gutenberg_autopost":false,"footnotes":""},"categories":[10],"tags":[],"class_list":["post-9509","post","type-post","status-publish","format-standard","has-post-thumbnail","hentry","category-sube-y-baja"],"acf":[],"_links":{"self":[{"href":"https:\/\/l21.mx\/index.php?rest_route=\/wp\/v2\/posts\/9509","targetHints":{"allow":["GET"]}}],"collection":[{"href":"https:\/\/l21.mx\/index.php?rest_route=\/wp\/v2\/posts"}],"about":[{"href":"https:\/\/l21.mx\/index.php?rest_route=\/wp\/v2\/types\/post"}],"author":[{"embeddable":true,"href":"https:\/\/l21.mx\/index.php?rest_route=\/wp\/v2\/users\/2"}],"replies":[{"embeddable":true,"href":"https:\/\/l21.mx\/index.php?rest_route=%2Fwp%2Fv2%2Fcomments&post=9509"}],"version-history":[{"count":0,"href":"https:\/\/l21.mx\/index.php?rest_route=\/wp\/v2\/posts\/9509\/revisions"}],"wp:featuredmedia":[{"embeddable":true,"href":"https:\/\/l21.mx\/index.php?rest_route=\/wp\/v2\/media\/9510"}],"wp:attachment":[{"href":"https:\/\/l21.mx\/index.php?rest_route=%2Fwp%2Fv2%2Fmedia&parent=9509"}],"wp:term":[{"taxonomy":"category","embeddable":true,"href":"https:\/\/l21.mx\/index.php?rest_route=%2Fwp%2Fv2%2Fcategories&post=9509"},{"taxonomy":"post_tag","embeddable":true,"href":"https:\/\/l21.mx\/index.php?rest_route=%2Fwp%2Fv2%2Ftags&post=9509"}],"curies":[{"name":"wp","href":"https:\/\/api.w.org\/{rel}","templated":true}]}}