{"id":9549,"date":"2015-06-01T11:28:14","date_gmt":"2015-06-01T16:28:14","guid":{"rendered":"http:\/\/innovatori.space\/lat21\/?p=9549"},"modified":"2015-05-29T11:30:45","modified_gmt":"2015-05-29T16:30:45","slug":"dardo-2015","status":"publish","type":"post","link":"https:\/\/l21.mx\/?p=9549","title":{"rendered":"Dardo 2015"},"content":{"rendered":"<p><strong><span style=\"color: #993300;\"><a href=\"http:\/\/l21.mx\/wp-content\/uploads\/2015\/05\/tequila.jpg\" data-rel=\"penci-gallery-image-content\" ><img fetchpriority=\"high\" decoding=\"async\" class=\"aligncenter size-large wp-image-9550\" title=\"tequila\" src=\"http:\/\/l21.mx\/wp-content\/uploads\/2015\/05\/tequila-1024x682.jpg\" alt=\"\" width=\"1024\" height=\"682\" srcset=\"https:\/\/l21.mx\/wp-content\/uploads\/2015\/05\/tequila-1024x682.jpg 1024w, https:\/\/l21.mx\/wp-content\/uploads\/2015\/05\/tequila-300x200.jpg 300w, https:\/\/l21.mx\/wp-content\/uploads\/2015\/05\/tequila-768x512.jpg 768w, https:\/\/l21.mx\/wp-content\/uploads\/2015\/05\/tequila-1170x780.jpg 1170w, https:\/\/l21.mx\/wp-content\/uploads\/2015\/05\/tequila-585x390.jpg 585w, https:\/\/l21.mx\/wp-content\/uploads\/2015\/05\/tequila-263x175.jpg 263w, https:\/\/l21.mx\/wp-content\/uploads\/2015\/05\/tequila.jpg 1232w\" sizes=\"(max-width: 1024px) 100vw, 1024px\" \/><\/a>Qu\u00e9:<\/span> Dardo 2015<\/strong><\/p>\n<p><strong><span style=\"color: #993300;\">D\u00f3nde:<\/span> Explanada Centro de Convenciones de Canc\u00fan<\/strong><\/p>\n<p><strong><span style=\"color: #993300;\">Cu\u00e1ndo:<\/span> Mayo 2015<\/strong><\/p>\n<p>Con la participaci\u00f3n de al menos 50 productores artesanales de 19 estados de la Rep\u00fablica se realiz\u00f3 en Canc\u00fan\u00a0 el Primer Festival de Destilados Artesanales, que organiz\u00f3 el Comit\u00e9 Nacional para la Sustentabilidad del Maguey, Mezcal y Destilados de Origen Mexicano (Comando). C\u00e9sar Gonz\u00e1lez, tesorero del organismo, destac\u00f3 que si bien el tequila es la bebida mexicana por excelencia y la m\u00e1s famosa, tambi\u00e9n hay otras como el mezcal, \u201cque est\u00e1 de moda en el pa\u00eds\u201d, y el encuentro es una forma de darlo a conocer. El tequila es una industria de 250 millones de litros al a\u00f1o y el mezcal apenas llega a tres, por lo que el primero no necesita difusi\u00f3n. El directivo indic\u00f3 que con base en datos del Consejo Regulador del Mezcal, el envasado del producto creci\u00f3 17% entre 2011 y 2012 en territorio mexicano y del 2012 al 2013 subi\u00f3 150%, solo en consumo nacional; en el \u00e1mbito internacional aument\u00f3 un 18% y 19% en los mismos lapsos anteriores. Dardo tambi\u00e9n se realiz\u00f3 en este mismo mes en Guadalajara y la ciudad de M\u00e9xico.<\/p>\n<div>\n<p>[editor]bitacora[\/editor]<\/p>\n<div><\/div>\n<\/div>\n","protected":false},"excerpt":{"rendered":"<p>Qu\u00e9: Dardo 2015 D\u00f3nde: Explanada Centro de Convenciones de Canc\u00fan Cu\u00e1ndo: Mayo 2015 Con la participaci\u00f3n&hellip;<\/p>\n","protected":false},"author":2,"featured_media":9550,"comment_status":"open","ping_status":"open","sticky":false,"template":"","format":"standard","meta":{"_acf_changed":false,"_lmt_disableupdate":"","_lmt_disable":"","_mbp_gutenberg_autopost":false,"footnotes":""},"categories":[1],"tags":[],"class_list":["post-9549","post","type-post","status-publish","format-standard","has-post-thumbnail","hentry","category-sin-categoria"],"acf":[],"_links":{"self":[{"href":"https:\/\/l21.mx\/index.php?rest_route=\/wp\/v2\/posts\/9549","targetHints":{"allow":["GET"]}}],"collection":[{"href":"https:\/\/l21.mx\/index.php?rest_route=\/wp\/v2\/posts"}],"about":[{"href":"https:\/\/l21.mx\/index.php?rest_route=\/wp\/v2\/types\/post"}],"author":[{"embeddable":true,"href":"https:\/\/l21.mx\/index.php?rest_route=\/wp\/v2\/users\/2"}],"replies":[{"embeddable":true,"href":"https:\/\/l21.mx\/index.php?rest_route=%2Fwp%2Fv2%2Fcomments&post=9549"}],"version-history":[{"count":0,"href":"https:\/\/l21.mx\/index.php?rest_route=\/wp\/v2\/posts\/9549\/revisions"}],"wp:featuredmedia":[{"embeddable":true,"href":"https:\/\/l21.mx\/index.php?rest_route=\/wp\/v2\/media\/9550"}],"wp:attachment":[{"href":"https:\/\/l21.mx\/index.php?rest_route=%2Fwp%2Fv2%2Fmedia&parent=9549"}],"wp:term":[{"taxonomy":"category","embeddable":true,"href":"https:\/\/l21.mx\/index.php?rest_route=%2Fwp%2Fv2%2Fcategories&post=9549"},{"taxonomy":"post_tag","embeddable":true,"href":"https:\/\/l21.mx\/index.php?rest_route=%2Fwp%2Fv2%2Ftags&post=9549"}],"curies":[{"name":"wp","href":"https:\/\/api.w.org\/{rel}","templated":true}]}}