{"id":9552,"date":"2015-06-01T11:30:56","date_gmt":"2015-06-01T16:30:56","guid":{"rendered":"http:\/\/innovatori.space\/lat21\/?p=9552"},"modified":"2015-05-29T11:34:04","modified_gmt":"2015-05-29T16:34:04","slug":"reunion-regional-ifpi-filaie","status":"publish","type":"post","link":"https:\/\/l21.mx\/?p=9552","title":{"rendered":"Reuni\u00f3n Regional IFPI \u2013 FILAIE"},"content":{"rendered":"<p><strong><span style=\"color: #993300;\"><a href=\"http:\/\/l21.mx\/wp-content\/uploads\/2015\/06\/musica.jpg\" data-rel=\"penci-gallery-image-content\" ><img fetchpriority=\"high\" decoding=\"async\" class=\"aligncenter size-large wp-image-9559\" title=\"musica\" src=\"http:\/\/l21.mx\/wp-content\/uploads\/2015\/06\/musica-1024x743.jpg\" alt=\"\" width=\"1024\" height=\"743\" \/><\/a><a href=\"http:\/\/l21.mx\/wp-content\/uploads\/2015\/05\/wef.jpg\"><br \/>\n<\/a>Qu\u00e9:<\/span> Reuni\u00f3n Regional IFPI \u2013 FILAIE<\/strong><\/p>\n<p><strong><span style=\"color: #993300;\">D\u00f3nde:<\/span> Zona Hotelera de Canc\u00fan<\/strong><\/p>\n<p><strong><span style=\"color: #993300;\">Cu\u00e1ndo: <\/span>Mayo 2015<\/strong><\/p>\n<p>La Federaci\u00f3n Ibero Latinoamericana de Artistas, Int\u00e9rpretes o Ejecutantes (FILAIE), la Federaci\u00f3n Internacional de la Industria Fonogr\u00e1fica (IFPI), as\u00ed como la Asociaci\u00f3n Mexicana de Productores de Fonogramas y Videogramas (Amprofon) celebraron en Canc\u00fan su Reuni\u00f3n Regional Anual. De acuerdo con el documento Recording Industry in Numbers, editado por la IFPI, Latinoam\u00e9rica creci\u00f3 7.3 % en 2014 con un fuerte aumento en las ventas digitales de m\u00fasica, siendo la zona de m\u00e1s r\u00e1pido crecimiento en el mundo. Los servicios de <em>streaming<\/em> se imponen como la nueva forma de escuchar m\u00fasica a nivel global. Para M\u00e9xico este rubro consolid\u00f3 en 2014 el 38% de las ventas digitales en servicios como Spotify, Rdio, Deezer, Google y Play Music, entre otros. El a\u00f1o pasado las ventas f\u00edsicas igualaron a las digitales a nivel mundial. Los ingresos digitales crecieron 6.9 %, hasta 6.9 billones de d\u00f3lares, representando 46% de todas las ventas de m\u00fasica. Frances Moore, presidenta ejecutiva de la IFPI, dijo que para cumplir con la demanda de los consumidores la industria discogr\u00e1fica lanzar\u00e1 los viernes a nivel mundial los estrenos, a partir del 10 de julio pr\u00f3ximo.<\/p>\n<div>\n<p>[editor]bitacora[\/editor]<\/p>\n<\/div>\n","protected":false},"excerpt":{"rendered":"<p>Qu\u00e9: Reuni\u00f3n Regional IFPI \u2013 FILAIE D\u00f3nde: Zona Hotelera de Canc\u00fan Cu\u00e1ndo: Mayo 2015 La Federaci\u00f3n&hellip;<\/p>\n","protected":false},"author":2,"featured_media":9559,"comment_status":"open","ping_status":"open","sticky":false,"template":"","format":"standard","meta":{"_acf_changed":false,"_lmt_disableupdate":"","_lmt_disable":"","_mbp_gutenberg_autopost":false,"footnotes":""},"categories":[1],"tags":[],"class_list":["post-9552","post","type-post","status-publish","format-standard","has-post-thumbnail","hentry","category-sin-categoria"],"acf":[],"_links":{"self":[{"href":"https:\/\/l21.mx\/index.php?rest_route=\/wp\/v2\/posts\/9552","targetHints":{"allow":["GET"]}}],"collection":[{"href":"https:\/\/l21.mx\/index.php?rest_route=\/wp\/v2\/posts"}],"about":[{"href":"https:\/\/l21.mx\/index.php?rest_route=\/wp\/v2\/types\/post"}],"author":[{"embeddable":true,"href":"https:\/\/l21.mx\/index.php?rest_route=\/wp\/v2\/users\/2"}],"replies":[{"embeddable":true,"href":"https:\/\/l21.mx\/index.php?rest_route=%2Fwp%2Fv2%2Fcomments&post=9552"}],"version-history":[{"count":0,"href":"https:\/\/l21.mx\/index.php?rest_route=\/wp\/v2\/posts\/9552\/revisions"}],"wp:featuredmedia":[{"embeddable":true,"href":"https:\/\/l21.mx\/index.php?rest_route=\/wp\/v2\/media\/9559"}],"wp:attachment":[{"href":"https:\/\/l21.mx\/index.php?rest_route=%2Fwp%2Fv2%2Fmedia&parent=9552"}],"wp:term":[{"taxonomy":"category","embeddable":true,"href":"https:\/\/l21.mx\/index.php?rest_route=%2Fwp%2Fv2%2Fcategories&post=9552"},{"taxonomy":"post_tag","embeddable":true,"href":"https:\/\/l21.mx\/index.php?rest_route=%2Fwp%2Fv2%2Ftags&post=9552"}],"curies":[{"name":"wp","href":"https:\/\/api.w.org\/{rel}","templated":true}]}}