{"id":9561,"date":"2015-06-01T09:00:35","date_gmt":"2015-06-01T14:00:35","guid":{"rendered":"http:\/\/innovatori.space\/lat21\/?p=9561"},"modified":"2015-05-29T11:39:22","modified_gmt":"2015-05-29T16:39:22","slug":"10-y-12","status":"publish","type":"post","link":"https:\/\/l21.mx\/?p=9561","title":{"rendered":"10 y&#8230; 12"},"content":{"rendered":"<p>Grupo Editorial Latitud 21 celebra su duod\u00e9cimo aniversario\u00a0 capturando historias de quienes han sido los grandes constructores de nuestro Caribe mexicano; de aquellos quienes se\u00a0 inspiraron en este pedacito de tierra para hacer de una gran idea un gran negocio\u2026 de aquellos ejecutivos que le han dado alma a las m\u00e1s acreditadas empresas; de aquellos proyectos enlatados y\u2026 tambi\u00e9n descalabrados; de aquellos exportadores de productos con origen en la latitud 21 y presentes ya en otras latitudes, y de aquellos que a lo largo del tiempo contin\u00faan su trayectoria con una visi\u00f3n evolutiva, como Grupo Cumbres, nuestro tema de portada.<\/p>\n<p><strong>Mois\u00e9s El-Mann<\/strong>, de Grupo E Constructores, ocup\u00f3 la portada n\u00famero 10 de<strong> Latitud 21<\/strong>, en el a\u00f1o 2004, incursionando en el\u00a0 destino con una propuesta comercial, Plaza Las Am\u00e9ricas, con expansi\u00f3n en aquella \u00e9poca al sur del estado. Su visi\u00f3n desde entonces se vaticinaba a largo plazo, y como \u00e9l mismo lo define, con la oportunidad de verter toda su experiencia adquirida en otras ciudades del pa\u00eds en su nuevo centro de operaciones, Quintana Roo, y es as\u00ed como surge Grupo Cumbres, aportando una serie de modelos residenciales integrales\/comerciales, con referencia incluso tambi\u00e9n en el sur del estado, cuyas inversiones ascienden a m\u00e1s de 130 mdd.<\/p>\n<p>Cinco desarrollos han tenido como complicidad al grupo de <strong>Eduardo Mart\u00ednez<\/strong>, un aut\u00e9ntico pionero y constructor del Caribe mexicano en sus or\u00edgenes. Como <strong>El-Mann<\/strong>, <strong>Mart\u00ednez <\/strong>tiene una visi\u00f3n a largo plazo, pues tuvo que esperar el tiempo y el momento adecuados \u2013tres d\u00e9cadas-, para\u00a0 materializar un sistema inmobiliario estrat\u00e9gico con algunas importantes contribuciones al desarrollo y paisaje urban\u00edstico de la ciudad de Canc\u00fan, al mismo tiempo a la detonaci\u00f3n inmobiliaria del Pol\u00edgono Sur y a un cambio en pol\u00edticas ambientales y de inversiones en la zona.<\/p>\n<p>Canc\u00fan lo amerita, al ser el destino m\u00e1s importante del pa\u00eds, al pertenecer al selecto grupo de las 15 urbes con mayor crecimiento inmobiliario en el pa\u00eds e incluso en Latinoam\u00e9rica -de acuerdo con estimaciones del Inegi- y al ser fuente de generaci\u00f3n de divisas, empleos y desarrollo sostenible.<\/p>\n<p>Canc\u00fan ha sido particularmente el blanco de un crecimiento desmedido, sin un plan rector urban\u00edstico acorde a \u00e9ste. Grupo Cumbres intenta sentar precedentes con vivienda y servicios urbanos, y ha encontrado un ant\u00eddoto para contrarrestar las malas pr\u00e1cticas de origen gubernamental e inmobiliario, con productos de calidad para nuevos nichos de mercado.<\/p>\n<p>En 10 a\u00f1os ha colocado exitosamente cuatro mil 500 unidades en m\u00e1s de 200 hect\u00e1reas, ha generado cinco mil empleos anuales y su modelo de negocio empieza a influir y\u00a0 a ser replicado por otros desarrolladores de Riviera Maya, y eso lo celebran.<\/p>\n<p>Y como Grupo Cumbres, Grupo Editorial Latitud 21\u00a0 tambi\u00e9n celebra seguir escribiendo historias exitosas y siempre en evoluci\u00f3n, buscando continuar su trayectoria editorial bajo esa visi\u00f3n,\u00a0 y con compromiso con colaboradores, lectores y socios comerciales. Y tambi\u00e9n celebra estos 12 a\u00f1os ya con la inclusi\u00f3n de alta tecnolog\u00eda como lo prometi\u00f3 hace 12 meses, convirtiendo cada uno de sus productos en las primeras video-magazines impresas al interior del pa\u00eds, para sentar precedentes dentro de la industria de la comunicaci\u00f3n mexicana.<\/p>\n<p>&nbsp;<\/p>\n<p>&nbsp;<\/p>\n<p>[editor]mariana-orea[\/editor]<\/p>\n<div><\/div>\n<p>&nbsp;<\/p>\n<p>&nbsp;<\/p>\n<p>&nbsp;<\/p>\n<p>&nbsp;<\/p>\n<p>&nbsp;<\/p>\n","protected":false},"excerpt":{"rendered":"<p>Grupo Editorial Latitud 21 celebra su duod\u00e9cimo aniversario\u00a0 capturando historias de quienes han sido los grandes&hellip;<\/p>\n","protected":false},"author":2,"featured_media":0,"comment_status":"open","ping_status":"open","sticky":false,"template":"","format":"standard","meta":{"_acf_changed":false,"_lmt_disableupdate":"","_lmt_disable":"","_mbp_gutenberg_autopost":false,"footnotes":""},"categories":[32,20],"tags":[],"class_list":["post-9561","post","type-post","status-publish","format-standard","hentry","category-mariana-orea","category-columnas"],"acf":[],"_links":{"self":[{"href":"https:\/\/l21.mx\/index.php?rest_route=\/wp\/v2\/posts\/9561","targetHints":{"allow":["GET"]}}],"collection":[{"href":"https:\/\/l21.mx\/index.php?rest_route=\/wp\/v2\/posts"}],"about":[{"href":"https:\/\/l21.mx\/index.php?rest_route=\/wp\/v2\/types\/post"}],"author":[{"embeddable":true,"href":"https:\/\/l21.mx\/index.php?rest_route=\/wp\/v2\/users\/2"}],"replies":[{"embeddable":true,"href":"https:\/\/l21.mx\/index.php?rest_route=%2Fwp%2Fv2%2Fcomments&post=9561"}],"version-history":[{"count":0,"href":"https:\/\/l21.mx\/index.php?rest_route=\/wp\/v2\/posts\/9561\/revisions"}],"wp:attachment":[{"href":"https:\/\/l21.mx\/index.php?rest_route=%2Fwp%2Fv2%2Fmedia&parent=9561"}],"wp:term":[{"taxonomy":"category","embeddable":true,"href":"https:\/\/l21.mx\/index.php?rest_route=%2Fwp%2Fv2%2Fcategories&post=9561"},{"taxonomy":"post_tag","embeddable":true,"href":"https:\/\/l21.mx\/index.php?rest_route=%2Fwp%2Fv2%2Ftags&post=9561"}],"curies":[{"name":"wp","href":"https:\/\/api.w.org\/{rel}","templated":true}]}}