{"id":983,"date":"2012-12-06T12:30:02","date_gmt":"2012-12-06T18:30:02","guid":{"rendered":"http:\/\/innovatori.space\/lat21\/?p=983"},"modified":"2012-12-07T09:32:59","modified_gmt":"2012-12-07T15:32:59","slug":"nombramientos-diciembre","status":"publish","type":"post","link":"https:\/\/l21.mx\/?p=983","title":{"rendered":"Nombramientos Diciembre 2012"},"content":{"rendered":"<p><strong style=\"color: #993300;\"><a href=\"http:\/\/l21.mx\/wp-content\/uploads\/2012\/12\/elisabet-beton-nombramientos-latitud21-117.jpg\" data-rel=\"penci-gallery-image-content\" ><img fetchpriority=\"high\" decoding=\"async\" class=\"alignleft size-medium wp-image-984\" title=\"elisabeth beton nombramientos latitud21 117\" src=\"http:\/\/l21.mx\/wp-content\/uploads\/2012\/12\/elisabet-beton-nombramientos-latitud21-117-203x300.jpg\" alt=\"elisabeth beton nombramientos latitud21 117\" width=\"203\" height=\"300\" srcset=\"https:\/\/l21.mx\/wp-content\/uploads\/2012\/12\/elisabet-beton-nombramientos-latitud21-117-203x300.jpg 203w, https:\/\/l21.mx\/wp-content\/uploads\/2012\/12\/elisabet-beton-nombramientos-latitud21-117-57x85.jpg 57w, https:\/\/l21.mx\/wp-content\/uploads\/2012\/12\/elisabet-beton-nombramientos-latitud21-117-80x117.jpg 80w, https:\/\/l21.mx\/wp-content\/uploads\/2012\/12\/elisabet-beton-nombramientos-latitud21-117.jpg 380w\" sizes=\"(max-width: 203px) 100vw, 203px\" \/><\/a><\/strong><\/p>\n<p><span style=\"color: #993300;\"><strong>DIPLOMATICOS\u00a0<\/strong><\/span><\/p>\n<p><strong>Elisabeth Beton<\/strong> recibi\u00f3 sus cartas\u00a0credenciales como <strong>embajadora<\/strong> de Francia en M\u00e9xico en reemplazo de Daniel Parfait.<\/p>\n<p><strong style=\"color: #993300;\">Lugar de origen:\u00a0<\/strong><strong>Par\u00eds<\/strong>,<strong> Francia<\/strong>.<\/p>\n<p><strong><span style=\"color: #993300;\">Estudios:\u00a0<\/span><\/strong>Maestr\u00eda en Derecho, Instituto de Estudios Pol\u00edticos.<\/p>\n<p><strong><span style=\"color: #993300;\">Desarrollo profesional:\u00a0<\/span><\/strong>Embajadora en Chile; directora de\u00a0las Am\u00e9ricas y el Caribe para el Ministerio\u00a0de Relaciones Exteriores franc\u00e9s.<\/p>\n<p>&nbsp;<\/p>\n<p>&nbsp;<\/p>\n<p><span style=\"color: #993300;\"><strong>DIPLOMATICOS<a href=\"http:\/\/l21.mx\/wp-content\/uploads\/2012\/12\/adolph-hogewoning-nombramientos-latitud21-117.jpg\" data-rel=\"penci-gallery-image-content\" ><img decoding=\"async\" class=\"alignright size-medium wp-image-992\" title=\"adolph hogewoning nombramientos latitud21 117\" src=\"http:\/\/l21.mx\/wp-content\/uploads\/2012\/12\/adolph-hogewoning-nombramientos-latitud21-117-203x300.jpg\" alt=\"adolph hogewoning nombramientos latitud21 117\" width=\"203\" height=\"300\" srcset=\"https:\/\/l21.mx\/wp-content\/uploads\/2012\/12\/adolph-hogewoning-nombramientos-latitud21-117-203x300.jpg 203w, https:\/\/l21.mx\/wp-content\/uploads\/2012\/12\/adolph-hogewoning-nombramientos-latitud21-117-57x85.jpg 57w, https:\/\/l21.mx\/wp-content\/uploads\/2012\/12\/adolph-hogewoning-nombramientos-latitud21-117-80x117.jpg 80w, https:\/\/l21.mx\/wp-content\/uploads\/2012\/12\/adolph-hogewoning-nombramientos-latitud21-117.jpg 380w\" sizes=\"(max-width: 203px) 100vw, 203px\" \/><\/a><\/strong><\/span><\/p>\n<p><strong>Adolph Hogewoning<\/strong> asume el cargo de <strong>embajador<\/strong> del Reino de los Pa\u00edses Bajos en <strong>M\u00e9xico<\/strong> en sustituci\u00f3n de Mar\u00eda Laetitia Alice Crispiniana Van Den Assum.<\/p>\n<p><strong><span style=\"color: #993300;\">Lugar de origen:\u00a0<\/span>Leiden<\/strong>, <strong>Pa\u00edses Bajos<\/strong>.<\/p>\n<p><strong><span style=\"color: #993300;\">Estudios:\u00a0<\/span><\/strong>Derecho Holand\u00e9s e Historia, Universidad de Leiden.<\/p>\n<p><strong><span style=\"color: #993300;\">Desarrollo profesional:\u00a0<\/span><\/strong>Ministerio de Asuntos Exteriores; embajador adjunto en la Embajada del Reino de los Pa\u00edses Bajos en Espa\u00f1a; secretario general de S.M. la Reina Beatrix; embajador en Damasco, Siria.<\/p>\n<p>&nbsp;<\/p>\n<p><strong><span style=\"color: #993300;\"><a href=\"http:\/\/l21.mx\/wp-content\/uploads\/2012\/12\/fernando-garcia-nombramientos-latitud21-117.jpg\" data-rel=\"penci-gallery-image-content\" ><img decoding=\"async\" class=\"alignleft size-medium wp-image-996\" title=\"fernando garcia nombramientos latitud21 117\" src=\"http:\/\/l21.mx\/wp-content\/uploads\/2012\/12\/fernando-garcia-nombramientos-latitud21-117-203x300.jpg\" alt=\"fernando garcia nombramientos latitud21 117\" width=\"203\" height=\"300\" srcset=\"https:\/\/l21.mx\/wp-content\/uploads\/2012\/12\/fernando-garcia-nombramientos-latitud21-117-203x300.jpg 203w, https:\/\/l21.mx\/wp-content\/uploads\/2012\/12\/fernando-garcia-nombramientos-latitud21-117-57x85.jpg 57w, https:\/\/l21.mx\/wp-content\/uploads\/2012\/12\/fernando-garcia-nombramientos-latitud21-117-80x117.jpg 80w, https:\/\/l21.mx\/wp-content\/uploads\/2012\/12\/fernando-garcia-nombramientos-latitud21-117.jpg 380w\" sizes=\"(max-width: 203px) 100vw, 203px\" \/><\/a>HOTELES<\/span><\/strong><\/p>\n<p><strong>Fernando Garc\u00eda<\/strong> es nombrado director comercial para el Caribe de <strong>Hoteles Catalonia<\/strong> M\u00e9xico. (Puesto de nueva creaci\u00f3n).<\/p>\n<p><strong><span style=\"color: #993300;\">Lugar de origen:\u00a0<\/span>Barcelona<\/strong>, <strong>Espa\u00f1a<\/strong>.<\/p>\n<p><strong><span style=\"color: #993300;\">Arribo a Canc\u00fan:\u00a0<\/span><\/strong>2012<\/p>\n<p><strong><span style=\"color: #993300;\">Estudios:\u00a0<\/span><\/strong>Maestr\u00eda en Administraci\u00f3n de Negocios, Escuela Superior de Administraci\u00f3n y Direcci\u00f3n de Empresas (ESADE).<\/p>\n<p><strong><span style=\"color: #993300;\">Desarrollo profesional:\u00a0<\/span><\/strong>Hoteles Catalonia.<\/p>\n<p>&nbsp;<\/p>\n<p><strong><span style=\"color: #993300;\">MEDIOS DE COMUNICACION<a href=\"http:\/\/l21.mx\/wp-content\/uploads\/2012\/12\/alberto-dadon-nombramientos-latitud21-117.jpg\" data-rel=\"penci-gallery-image-content\" ><img loading=\"lazy\" decoding=\"async\" class=\"alignright size-medium wp-image-1000\" title=\"alberto dadon nombramientos latitud21 117\" src=\"http:\/\/l21.mx\/wp-content\/uploads\/2012\/12\/alberto-dadon-nombramientos-latitud21-117-203x300.jpg\" alt=\"alberto dadon nombramientos latitud21 117\" width=\"203\" height=\"300\" srcset=\"https:\/\/l21.mx\/wp-content\/uploads\/2012\/12\/alberto-dadon-nombramientos-latitud21-117-203x300.jpg 203w, https:\/\/l21.mx\/wp-content\/uploads\/2012\/12\/alberto-dadon-nombramientos-latitud21-117-57x85.jpg 57w, https:\/\/l21.mx\/wp-content\/uploads\/2012\/12\/alberto-dadon-nombramientos-latitud21-117-80x117.jpg 80w, https:\/\/l21.mx\/wp-content\/uploads\/2012\/12\/alberto-dadon-nombramientos-latitud21-117.jpg 380w\" sizes=\"(max-width: 203px) 100vw, 203px\" \/><\/a><\/span><\/strong><\/p>\n<p><strong>Alberto Dadon<\/strong> es el nuevo director general de <strong>M\u00e9xico Travel Channe<\/strong>l en sustituci\u00f3n de Mario Alc\u00e1ntara.<\/p>\n<p><strong><span style=\"color: #993300;\">Lugar de origen:<\/span><\/strong>\u00a0<strong>Buenos Aires<\/strong>, <strong>Argentina<\/strong>.<\/p>\n<p><strong><span style=\"color: #993300;\">Arribo a Canc\u00fan:\u00a0<\/span><\/strong>2002<\/p>\n<p><strong><span style=\"color: #993300;\">Estudios:\u00a0<\/span><\/strong>Ciencias de la Comunicaci\u00f3n, Universidad<\/p>\n<p>C\u00edrculo de la Prensa de Argentina.<\/p>\n<p><strong><span style=\"color: #993300;\">Desarrollo profesional:<\/span><\/strong>\u00a0Fundador y presidente Grupo Alebet, Marketing<\/p>\n<p>Multimedia, Buenos Aires; Sol Meli\u00e1; holacanc\u00fan.com.<\/p>\n<p>&nbsp;<\/p>\n<p><strong><span style=\"color: #993300;\"><a href=\"http:\/\/l21.mx\/wp-content\/uploads\/2012\/12\/viviana-rueda-nombramientos-latitud21-117.jpg\" data-rel=\"penci-gallery-image-content\" ><img loading=\"lazy\" decoding=\"async\" class=\"alignleft size-medium wp-image-1002\" title=\"viviana rueda nombramientos latitud21 117\" src=\"http:\/\/l21.mx\/wp-content\/uploads\/2012\/12\/viviana-rueda-nombramientos-latitud21-117-203x300.jpg\" alt=\"viviana rueda nombramientos latitud21 117\" width=\"203\" height=\"300\" srcset=\"https:\/\/l21.mx\/wp-content\/uploads\/2012\/12\/viviana-rueda-nombramientos-latitud21-117-203x300.jpg 203w, https:\/\/l21.mx\/wp-content\/uploads\/2012\/12\/viviana-rueda-nombramientos-latitud21-117-57x85.jpg 57w, https:\/\/l21.mx\/wp-content\/uploads\/2012\/12\/viviana-rueda-nombramientos-latitud21-117-80x117.jpg 80w, https:\/\/l21.mx\/wp-content\/uploads\/2012\/12\/viviana-rueda-nombramientos-latitud21-117.jpg 380w\" sizes=\"(max-width: 203px) 100vw, 203px\" \/><\/a>EMPRESAS<\/span><\/strong><\/p>\n<p><strong>Viviana Rueda<\/strong> ocupa el cargo\u00a0de directora de Dise\u00f1o de <strong>Grupo Icon<\/strong>\u00a0(Puesto de nueva creaci\u00f3n).<\/p>\n<p><strong><span style=\"color: #993300;\">Lugar de origen:\u00a0<\/span>Ciudad de M\u00e9xico<\/strong>.<\/p>\n<p><strong><span style=\"color: #993300;\">Arribo a Canc\u00fan:\u00a0<\/span><\/strong>1998<\/p>\n<p><strong><span style=\"color: #993300;\">Estudios:\u00a0<\/span><\/strong>Dise\u00f1o Gr\u00e1fico, <strong>Universidad La Salle<\/strong>.<\/p>\n<p><strong><span style=\"color: #993300;\">Desarrollo profesional:\u00a0<\/span><\/strong>Grupo Icon Publicidad.<\/p>\n<div><\/div>\n<div><\/div>\n<div>\n<p>&nbsp;<\/p>\n<p>&nbsp;<\/p>\n<p><span style=\"color: #993300;\"><strong>EMPRESAS<a href=\"http:\/\/l21.mx\/wp-content\/uploads\/2012\/12\/erik-navarro-nombramientos-latitud21-117.jpg\" data-rel=\"penci-gallery-image-content\" ><img loading=\"lazy\" decoding=\"async\" class=\"alignright size-medium wp-image-1003\" title=\"erik navarro nombramientos latitud21 117\" src=\"http:\/\/l21.mx\/wp-content\/uploads\/2012\/12\/erik-navarro-nombramientos-latitud21-117-203x300.jpg\" alt=\"erik navarro nombramientos latitud21 117\" width=\"203\" height=\"300\" srcset=\"https:\/\/l21.mx\/wp-content\/uploads\/2012\/12\/erik-navarro-nombramientos-latitud21-117-203x300.jpg 203w, https:\/\/l21.mx\/wp-content\/uploads\/2012\/12\/erik-navarro-nombramientos-latitud21-117-57x85.jpg 57w, https:\/\/l21.mx\/wp-content\/uploads\/2012\/12\/erik-navarro-nombramientos-latitud21-117-80x117.jpg 80w, https:\/\/l21.mx\/wp-content\/uploads\/2012\/12\/erik-navarro-nombramientos-latitud21-117.jpg 380w\" sizes=\"(max-width: 203px) 100vw, 203px\" \/><\/a><\/strong><\/span><\/p>\n<p><strong>Erick Navarro<\/strong> es designado subdirector comercial\u00a0de <strong>Grupo Argos<\/strong>. (Puesto de nueva creaci\u00f3n).<\/p>\n<p><strong><span style=\"color: #993300;\">Lugar de origen:\u00a0<\/span>Michoac\u00e1n<\/strong>.<\/p>\n<p><strong><span style=\"color: #993300;\">Arribo a Canc\u00fan:\u00a0<\/span><\/strong>1985<\/p>\n<p><strong><span style=\"color: #993300;\">Estudios:\u00a0<\/span><\/strong>Administraci\u00f3n de Empresas Tur\u00edsticas, Universidad\u00a0La Salle <strong>Canc\u00fan<\/strong>. Diplomado en Ventas y Marketing\u00a0en Greystone College en\u00a0 Vancouver, Canad\u00e1.<\/p>\n<p><strong><span style=\"color: #993300;\">Desarrollo profesional:\u00a0<\/span><\/strong>Palace Resorts; consultor independiente.<\/p>\n<p>&nbsp;<\/p>\n<p><span style=\"color: #993300;\"><strong><a href=\"http:\/\/l21.mx\/wp-content\/uploads\/2012\/12\/daniela-bendita-nombramientos-latitud21-117.jpg\" data-rel=\"penci-gallery-image-content\" ><img loading=\"lazy\" decoding=\"async\" class=\"alignleft size-medium wp-image-1004\" title=\"daniela bendita nombramientos latitud21 117\" src=\"http:\/\/l21.mx\/wp-content\/uploads\/2012\/12\/daniela-bendita-nombramientos-latitud21-117-203x300.jpg\" alt=\"daniela bendita nombramientos latitud21 117\" width=\"203\" height=\"300\" srcset=\"https:\/\/l21.mx\/wp-content\/uploads\/2012\/12\/daniela-bendita-nombramientos-latitud21-117-203x300.jpg 203w, https:\/\/l21.mx\/wp-content\/uploads\/2012\/12\/daniela-bendita-nombramientos-latitud21-117-57x85.jpg 57w, https:\/\/l21.mx\/wp-content\/uploads\/2012\/12\/daniela-bendita-nombramientos-latitud21-117-80x117.jpg 80w, https:\/\/l21.mx\/wp-content\/uploads\/2012\/12\/daniela-bendita-nombramientos-latitud21-117.jpg 380w\" sizes=\"(max-width: 203px) 100vw, 203px\" \/><\/a>EMPRESAS<\/strong><\/span><\/p>\n<p><strong>Daniela Bendita<\/strong> se desempe\u00f1a como directora de medios de <strong>Grupo Icon<\/strong>\u00a0(Puesto de nueva creaci\u00f3n).<\/p>\n<p><span style=\"color: #993300;\"><strong>Lugar de origen:\u00a0<\/strong><\/span><strong>Cuernavaca<\/strong>, <strong>Morelos<\/strong>.<\/p>\n<p><strong><span style=\"color: #993300;\">Arribo a Canc\u00fan<\/span><span style=\"color: #993300;\">:<\/span><\/strong>\u00a01998<\/p>\n<p><strong><span style=\"color: #993300;\">Estudios:\u00a0<\/span><\/strong>Mercadotecnia, <strong>Universidad An\u00e1huac<\/strong>.<\/p>\n<p><strong><span style=\"color: #993300;\">Desarrollo profesional:\u00a0<\/span><\/strong>Royal Resorts.<\/p>\n<p>&nbsp;<\/p>\n<p>&nbsp;<\/p>\n<p><span style=\"color: #993300;\"><strong>ASOCIACIONES<a href=\"http:\/\/l21.mx\/wp-content\/uploads\/2012\/12\/adriana-garcia-nombramientos-latitud21-117.jpg\" data-rel=\"penci-gallery-image-content\" ><img loading=\"lazy\" decoding=\"async\" class=\"alignright size-medium wp-image-1005\" title=\"adriana garcia nombramientos latitud21 117\" src=\"http:\/\/l21.mx\/wp-content\/uploads\/2012\/12\/adriana-garcia-nombramientos-latitud21-117-203x300.jpg\" alt=\"adriana garcia nombramientos latitud21 117\" width=\"203\" height=\"300\" srcset=\"https:\/\/l21.mx\/wp-content\/uploads\/2012\/12\/adriana-garcia-nombramientos-latitud21-117-203x300.jpg 203w, https:\/\/l21.mx\/wp-content\/uploads\/2012\/12\/adriana-garcia-nombramientos-latitud21-117-57x85.jpg 57w, https:\/\/l21.mx\/wp-content\/uploads\/2012\/12\/adriana-garcia-nombramientos-latitud21-117-80x117.jpg 80w, https:\/\/l21.mx\/wp-content\/uploads\/2012\/12\/adriana-garcia-nombramientos-latitud21-117.jpg 380w\" sizes=\"(max-width: 203px) 100vw, 203px\" \/><\/a><\/strong><\/span><\/p>\n<p><strong>Adriana Garc\u00eda<\/strong> es nombrada secretaria\u00a0de la Asociaci\u00f3n\u00a0 de Concierges de<strong> Quintana Roo<\/strong>\u00a0en sustituci\u00f3n de David G\u00f3mez.<\/p>\n<p><strong><span style=\"color: #993300;\">Lugar de origen:\u00a0<\/span>Puebla<\/strong>.<\/p>\n<p><span style=\"color: #993300;\"><strong>Arribo a Canc\u00fan:<\/strong><\/span>\u00a02008<\/p>\n<p><strong><span style=\"color: #993300;\">Estudios:<\/span><\/strong>\u00a0Administraci\u00f3n tur\u00edstica, <strong>Universidad\u00a0Aut\u00f3noma de Puebla.<\/strong><\/p>\n<p><strong><span style=\"color: #993300;\">Desarrollo profesional:\u00a0<\/span><\/strong>Grand Mayan, Grand Luxxe.<\/p>\n<div><\/div>\n<div><\/div>\n<div><\/div>\n<\/div>\n<div><\/div>\n","protected":false},"excerpt":{"rendered":"<p>DIPLOMATICOS\u00a0 Elisabeth Beton recibi\u00f3 sus cartas\u00a0credenciales como embajadora de Francia en M\u00e9xico en reemplazo de Daniel&hellip;<\/p>\n","protected":false},"author":2,"featured_media":1005,"comment_status":"open","ping_status":"open","sticky":false,"template":"","format":"standard","meta":{"_acf_changed":false,"_lmt_disableupdate":"","_lmt_disable":"","_mbp_gutenberg_autopost":false,"footnotes":""},"categories":[9],"tags":[],"class_list":["post-983","post","type-post","status-publish","format-standard","has-post-thumbnail","hentry","category-nombramientos"],"acf":[],"_links":{"self":[{"href":"https:\/\/l21.mx\/index.php?rest_route=\/wp\/v2\/posts\/983","targetHints":{"allow":["GET"]}}],"collection":[{"href":"https:\/\/l21.mx\/index.php?rest_route=\/wp\/v2\/posts"}],"about":[{"href":"https:\/\/l21.mx\/index.php?rest_route=\/wp\/v2\/types\/post"}],"author":[{"embeddable":true,"href":"https:\/\/l21.mx\/index.php?rest_route=\/wp\/v2\/users\/2"}],"replies":[{"embeddable":true,"href":"https:\/\/l21.mx\/index.php?rest_route=%2Fwp%2Fv2%2Fcomments&post=983"}],"version-history":[{"count":0,"href":"https:\/\/l21.mx\/index.php?rest_route=\/wp\/v2\/posts\/983\/revisions"}],"wp:featuredmedia":[{"embeddable":true,"href":"https:\/\/l21.mx\/index.php?rest_route=\/wp\/v2\/media\/1005"}],"wp:attachment":[{"href":"https:\/\/l21.mx\/index.php?rest_route=%2Fwp%2Fv2%2Fmedia&parent=983"}],"wp:term":[{"taxonomy":"category","embeddable":true,"href":"https:\/\/l21.mx\/index.php?rest_route=%2Fwp%2Fv2%2Fcategories&post=983"},{"taxonomy":"post_tag","embeddable":true,"href":"https:\/\/l21.mx\/index.php?rest_route=%2Fwp%2Fv2%2Ftags&post=983"}],"curies":[{"name":"wp","href":"https:\/\/api.w.org\/{rel}","templated":true}]}}