{"id":9987,"date":"2015-07-02T12:15:08","date_gmt":"2015-07-02T17:15:08","guid":{"rendered":"http:\/\/innovatori.space\/lat21\/?p=9987"},"modified":"2015-07-02T12:21:51","modified_gmt":"2015-07-02T17:21:51","slug":"diez-anos-de-interjet","status":"publish","type":"post","link":"https:\/\/l21.mx\/?p=9987","title":{"rendered":"Diez a\u00f1os  de Interjet"},"content":{"rendered":"<p><a href=\"http:\/\/l21.mx\/wp-content\/uploads\/2015\/07\/10-de-interjet.jpg\" data-rel=\"penci-gallery-image-content\" ><img fetchpriority=\"high\" decoding=\"async\" class=\"alignleft size-full wp-image-9994\" title=\"10-de-interjet\" src=\"http:\/\/l21.mx\/wp-content\/uploads\/2015\/07\/10-de-interjet.jpg\" alt=\"\" width=\"719\" height=\"291\" srcset=\"https:\/\/l21.mx\/wp-content\/uploads\/2015\/07\/10-de-interjet.jpg 719w, https:\/\/l21.mx\/wp-content\/uploads\/2015\/07\/10-de-interjet-300x121.jpg 300w, https:\/\/l21.mx\/wp-content\/uploads\/2015\/07\/10-de-interjet-585x237.jpg 585w\" sizes=\"(max-width: 719px) 100vw, 719px\" \/><\/a>Con el lanzamiento de una nueva campa\u00f1a publicitaria, que marca el inicio de una serie de acciones para agradecer la fidelidad y preferencia de sus clientes, Interjet celebra 10 a\u00f1os en M\u00e9xico.<\/p>\n<p>La aerol\u00ednea, que inici\u00f3 operaciones en 2005 con tres aviones Airbus A320\u00a0 conectando tres ciudades mexicanas -entre ellas Canc\u00fan- tiene actualmente 47 destinos, 38 en M\u00e9xico y nueve internacionales, como Houston, Nueva York, Las Vegas, Bogot\u00e1, Costa Rica y Guatemala, por citar algunos.<\/p>\n<p>Andr\u00e9s Mart\u00ednez Reynoso, gerente de Mercadotecnia de la l\u00ednea a\u00e9rea, destac\u00f3 que la campa\u00f1a Interjet 10 a\u00f1os en M\u00e9xico \u201ces un homenaje a todos nuestros clientes, quienes nos acompa\u00f1aron durante estos primeros 10 a\u00f1os, entendiendo que nuestro destino es que ellos disfruten del trayecto y viajen con nosotros \u2018como t\u00fa quieres viajar\u2019\u201d.<\/p>\n<p>El ejecutivo agreg\u00f3 que la campa\u00f1a, que desarroll\u00f3 la agencia Arrechedera Claverol y se present\u00f3 en Puerto Vallarta, se basa en las cosas que hacen diferente a la empresa, y se encamina hacia un beneficio directo a quienes vuelan a trav\u00e9s de la aerol\u00ednea, cuya flota integran 39 Airbus A-320 y 15 Superjet 100.<\/p>\n<p>Mencion\u00f3 que se dar\u00e1n a conocer din\u00e1micas en redes sociales para que los usuarios de Interjet tengan acceso a varias sorpresas.<\/p>\n","protected":false},"excerpt":{"rendered":"<p>Con el lanzamiento de una nueva campa\u00f1a publicitaria, que marca el inicio de una serie de&hellip;<\/p>\n","protected":false},"author":2,"featured_media":10013,"comment_status":"open","ping_status":"open","sticky":false,"template":"","format":"standard","meta":{"_acf_changed":false,"_lmt_disableupdate":"","_lmt_disable":"","_mbp_gutenberg_autopost":false,"footnotes":""},"categories":[4],"tags":[],"class_list":["post-9987","post","type-post","status-publish","format-standard","has-post-thumbnail","hentry","category-empresas-y-negocios"],"acf":[],"_links":{"self":[{"href":"https:\/\/l21.mx\/index.php?rest_route=\/wp\/v2\/posts\/9987","targetHints":{"allow":["GET"]}}],"collection":[{"href":"https:\/\/l21.mx\/index.php?rest_route=\/wp\/v2\/posts"}],"about":[{"href":"https:\/\/l21.mx\/index.php?rest_route=\/wp\/v2\/types\/post"}],"author":[{"embeddable":true,"href":"https:\/\/l21.mx\/index.php?rest_route=\/wp\/v2\/users\/2"}],"replies":[{"embeddable":true,"href":"https:\/\/l21.mx\/index.php?rest_route=%2Fwp%2Fv2%2Fcomments&post=9987"}],"version-history":[{"count":0,"href":"https:\/\/l21.mx\/index.php?rest_route=\/wp\/v2\/posts\/9987\/revisions"}],"wp:featuredmedia":[{"embeddable":true,"href":"https:\/\/l21.mx\/index.php?rest_route=\/wp\/v2\/media\/10013"}],"wp:attachment":[{"href":"https:\/\/l21.mx\/index.php?rest_route=%2Fwp%2Fv2%2Fmedia&parent=9987"}],"wp:term":[{"taxonomy":"category","embeddable":true,"href":"https:\/\/l21.mx\/index.php?rest_route=%2Fwp%2Fv2%2Fcategories&post=9987"},{"taxonomy":"post_tag","embeddable":true,"href":"https:\/\/l21.mx\/index.php?rest_route=%2Fwp%2Fv2%2Ftags&post=9987"}],"curies":[{"name":"wp","href":"https:\/\/api.w.org\/{rel}","templated":true}]}}