{"id":9988,"date":"2015-07-02T12:11:31","date_gmt":"2015-07-02T17:11:31","guid":{"rendered":"http:\/\/innovatori.space\/lat21\/?p=9988"},"modified":"2015-07-02T12:15:55","modified_gmt":"2015-07-02T17:15:55","slug":"lep-ool-productores-de-miel","status":"publish","type":"post","link":"https:\/\/l21.mx\/?p=9988","title":{"rendered":"Productores de miel"},"content":{"rendered":"<p><a href=\"http:\/\/l21.mx\/wp-content\/uploads\/2015\/07\/Productores-de-miel.jpg\" data-rel=\"penci-gallery-image-content\" ><img fetchpriority=\"high\" decoding=\"async\" class=\"aligncenter size-medium wp-image-9990\" title=\"Productores-de-miel\" src=\"http:\/\/l21.mx\/wp-content\/uploads\/2015\/07\/Productores-de-miel-300x231.jpg\" alt=\"\" width=\"300\" height=\"231\" srcset=\"https:\/\/l21.mx\/wp-content\/uploads\/2015\/07\/Productores-de-miel-300x231.jpg 300w, https:\/\/l21.mx\/wp-content\/uploads\/2015\/07\/Productores-de-miel-585x451.jpg 585w, https:\/\/l21.mx\/wp-content\/uploads\/2015\/07\/Productores-de-miel.jpg 677w\" sizes=\"(max-width: 300px) 100vw, 300px\" \/><\/a><strong>Lep\u2019 \u00d3oL\u00a0<\/strong>Apicultores de Yucat\u00e1n estiman cerrar 2015 con una producci\u00f3n de dos mil 500 toneladas de miel y una derrama econ\u00f3mica de casi 100 mdp, lo que se atribuye a las buenas condiciones clim\u00e1ticas y al equipo e insumos con que cuentan los productores de la entidad.<\/p>\n<p>De esa producci\u00f3n, mil toneladas se exportar\u00e1n a varias ciudades alemanas, pero pr\u00e1cticamente la mayor parte de la cosecha fue adquirida por compradores de Europa, que reconocen la calidad de la miel que se produce en Yucat\u00e1n por su color, aroma, pureza y propiedades nutritivas.<\/p>\n<p>Los estados de la Pen\u00ednsula de Yucat\u00e1n, incluso Quintana Roo, han logrado en los \u00faltimos a\u00f1os una importante penetraci\u00f3n en los mercados internacionales a trav\u00e9s de este producto y otros de origen org\u00e1nico, as\u00ed como derivados.<\/p>\n<p>\u201cEn 2014 los apicultores obtuvieron una producci\u00f3n de mil 60 toneladas y en lo que va de este a\u00f1o alcanzaron dos mil 200 toneladas en bodegas, lo que generar\u00e1 una importante derrama econ\u00f3mica al sector al cierre de 2015\u201d, destac\u00f3 Miguel Lara Sosa, presidente de la Sociedad de Solidaridad Social de R.L. Ap\u00edcola Maya, que agrupa a mil 800 productores yucatecos.<\/p>\n<p>En breve la agrupaci\u00f3n iniciar\u00e1 operaciones de la nueva planta que les permitir\u00e1 envasar botellas y bolsitas de miel, que tienen una fuerte demanda en el mercado local y nacional.<\/p>\n","protected":false},"excerpt":{"rendered":"<p>Lep\u2019 \u00d3oL\u00a0Apicultores de Yucat\u00e1n estiman cerrar 2015 con una producci\u00f3n de dos mil 500 toneladas de&hellip;<\/p>\n","protected":false},"author":2,"featured_media":10000,"comment_status":"open","ping_status":"open","sticky":false,"template":"","format":"standard","meta":{"_acf_changed":false,"_lmt_disableupdate":"","_lmt_disable":"","_mbp_gutenberg_autopost":false,"footnotes":""},"categories":[4],"tags":[],"class_list":["post-9988","post","type-post","status-publish","format-standard","has-post-thumbnail","hentry","category-empresas-y-negocios"],"acf":[],"_links":{"self":[{"href":"https:\/\/l21.mx\/index.php?rest_route=\/wp\/v2\/posts\/9988","targetHints":{"allow":["GET"]}}],"collection":[{"href":"https:\/\/l21.mx\/index.php?rest_route=\/wp\/v2\/posts"}],"about":[{"href":"https:\/\/l21.mx\/index.php?rest_route=\/wp\/v2\/types\/post"}],"author":[{"embeddable":true,"href":"https:\/\/l21.mx\/index.php?rest_route=\/wp\/v2\/users\/2"}],"replies":[{"embeddable":true,"href":"https:\/\/l21.mx\/index.php?rest_route=%2Fwp%2Fv2%2Fcomments&post=9988"}],"version-history":[{"count":0,"href":"https:\/\/l21.mx\/index.php?rest_route=\/wp\/v2\/posts\/9988\/revisions"}],"wp:featuredmedia":[{"embeddable":true,"href":"https:\/\/l21.mx\/index.php?rest_route=\/wp\/v2\/media\/10000"}],"wp:attachment":[{"href":"https:\/\/l21.mx\/index.php?rest_route=%2Fwp%2Fv2%2Fmedia&parent=9988"}],"wp:term":[{"taxonomy":"category","embeddable":true,"href":"https:\/\/l21.mx\/index.php?rest_route=%2Fwp%2Fv2%2Fcategories&post=9988"},{"taxonomy":"post_tag","embeddable":true,"href":"https:\/\/l21.mx\/index.php?rest_route=%2Fwp%2Fv2%2Ftags&post=9988"}],"curies":[{"name":"wp","href":"https:\/\/api.w.org\/{rel}","templated":true}]}}